{"id":1009,"date":"2021-05-10T20:16:09","date_gmt":"2021-05-10T20:16:09","guid":{"rendered":"http:\/\/acapulcocity.mx\/?p=1009"},"modified":"2021-05-10T20:17:32","modified_gmt":"2021-05-10T20:17:32","slug":"sin-luz-habitantes-de-la-unidad-habitacional-lopez-portillo-viven-desde-hace-cuatro-dias","status":"publish","type":"post","link":"https:\/\/acapulcocity.mx\/index.php\/2021\/05\/10\/sin-luz-habitantes-de-la-unidad-habitacional-lopez-portillo-viven-desde-hace-cuatro-dias\/","title":{"rendered":"Sin luz, habitantes de la Unidad Habitacional L\u00f3pez Portillo desde hace cuatro d\u00edas"},"content":{"rendered":"\n<p><strong><em>Acapulco, Guerrero.- <\/em><\/strong>Desde hace cuatro d\u00edas los habitantes de la Unidad Habitacional L\u00f3pez Portillo, ubicada en la colonia Mozimba, sufren debido a que no tienen el servicio de luz.<\/p>\n\n\n\n<p>Denuncian que derivado de las primeras lluvias del s\u00e1bado, la energ\u00eda el\u00e9ctrica se fue y hasta la fecha no ha regresado.<\/p>\n\n\n\n<figure class=\"wp-block-image size-large\"><img fetchpriority=\"high\" decoding=\"async\" width=\"1024\" height=\"576\" src=\"https:\/\/acapulcocity.mx\/wp-content\/uploads\/2021\/05\/infonavirt-acapulco_1200x675-1024x576.jpg\" alt=\"\" class=\"wp-image-1010\" srcset=\"https:\/\/acapulcocity.mx\/wp-content\/uploads\/2021\/05\/infonavirt-acapulco_1200x675-1024x576.jpg 1024w, https:\/\/acapulcocity.mx\/wp-content\/uploads\/2021\/05\/infonavirt-acapulco_1200x675-300x169.jpg 300w, https:\/\/acapulcocity.mx\/wp-content\/uploads\/2021\/05\/infonavirt-acapulco_1200x675-768x432.jpg 768w, https:\/\/acapulcocity.mx\/wp-content\/uploads\/2021\/05\/infonavirt-acapulco_1200x675.jpg 1200w\" sizes=\"(max-width: 1024px) 100vw, 1024px\" \/><\/figure>\n\n\n\n<p>Pese a que ya hicieron la denuncia ante la Comisi\u00f3n Federal de Electricidad (CFE), se quejan porque no han acudido a resolver el problema y los tienen a oscuras, utilizando l\u00e1mparas y velas para poder alumbrarse y sin poder refrescarse ante el fuerte calor que azota. <\/p>\n\n\n\n<p>Adem\u00e1s, la lluvia provoc\u00f3 apagones hasta por cinco horas en diversas zonas como la costera Miguel Alem\u00e1n, Progreso, Colosio, Revolcadero, Llano Largo, y en barrios hist\u00f3ricos.<\/p>\n","protected":false},"excerpt":{"rendered":"<p>Se\u00f1alan que ya hicieron el reporte a la CFE pero no han acudido a reparar el problema.<\/p>\n","protected":false},"author":1,"featured_media":1011,"comment_status":"open","ping_status":"closed","sticky":false,"template":"","format":"standard","meta":{"footnotes":""},"categories":[4],"tags":[11],"class_list":["post-1009","post","type-post","status-publish","format-standard","has-post-thumbnail","hentry","category-acapulco","tag-acapulco",""],"_links":{"self":[{"href":"https:\/\/acapulcocity.mx\/index.php\/wp-json\/wp\/v2\/posts\/1009","targetHints":{"allow":["GET"]}}],"collection":[{"href":"https:\/\/acapulcocity.mx\/index.php\/wp-json\/wp\/v2\/posts"}],"about":[{"href":"https:\/\/acapulcocity.mx\/index.php\/wp-json\/wp\/v2\/types\/post"}],"author":[{"embeddable":true,"href":"https:\/\/acapulcocity.mx\/index.php\/wp-json\/wp\/v2\/users\/1"}],"replies":[{"embeddable":true,"href":"https:\/\/acapulcocity.mx\/index.php\/wp-json\/wp\/v2\/comments?post=1009"}],"version-history":[{"count":2,"href":"https:\/\/acapulcocity.mx\/index.php\/wp-json\/wp\/v2\/posts\/1009\/revisions"}],"predecessor-version":[{"id":1013,"href":"https:\/\/acapulcocity.mx\/index.php\/wp-json\/wp\/v2\/posts\/1009\/revisions\/1013"}],"wp:featuredmedia":[{"embeddable":true,"href":"https:\/\/acapulcocity.mx\/index.php\/wp-json\/wp\/v2\/media\/1011"}],"wp:attachment":[{"href":"https:\/\/acapulcocity.mx\/index.php\/wp-json\/wp\/v2\/media?parent=1009"}],"wp:term":[{"taxonomy":"category","embeddable":true,"href":"https:\/\/acapulcocity.mx\/index.php\/wp-json\/wp\/v2\/categories?post=1009"},{"taxonomy":"post_tag","embeddable":true,"href":"https:\/\/acapulcocity.mx\/index.php\/wp-json\/wp\/v2\/tags?post=1009"}],"curies":[{"name":"wp","href":"https:\/\/api.w.org\/{rel}","templated":true}]}}