{"id":1307,"date":"2021-06-18T20:47:54","date_gmt":"2021-06-18T20:47:54","guid":{"rendered":"http:\/\/acapulcocity.mx\/?p=1307"},"modified":"2021-06-18T20:47:54","modified_gmt":"2021-06-18T20:47:54","slug":"escuelas-de-cdmx-reportan-dos-nuevos-casos-de-covid-tras-regreso-a-clases","status":"publish","type":"post","link":"https:\/\/acapulcocity.mx\/index.php\/2021\/06\/18\/escuelas-de-cdmx-reportan-dos-nuevos-casos-de-covid-tras-regreso-a-clases\/","title":{"rendered":"Escuelas de CDMX reportan dos nuevos casos de Covid tras regreso a clases"},"content":{"rendered":"\n<p><strong><em>M\u00e9xico.- <\/em><\/strong>La Autoridad Educativa Federal en la Ciudad de M\u00e9xico (AEFCM) inform\u00f3 dos nuevos casos de COVID-19 en escuelas particulares de la entidad, con lo que suman ocho contagios en total.<\/p>\n\n\n\n<p>El primero de los dos \u00faltimos casos se detect\u00f3 en una alumna de secundaria en la alcald\u00eda Gustavo A. Madero mientras que el segundo es un estudiante de tercero de preescolar de la Magdalena Contreras.<\/p>\n\n\n\n<p>En ambos casos las mam\u00e1s de los alumnos notificaron el positivo a COVID-19 despu\u00e9s de que sus hijos presentaran s\u00edntomas.<\/p>\n\n\n\n<p>Por consenso entre padres de familia o tutores y las autoridades escolares los planteles educativos involucrados decidieron suspender las clases presenciales y continuar con la modalidad a distancia.<\/p>\n\n\n\n<p>La AEFCM detall\u00f3 que de los ocho casos detectados hasta ahora en la Ciudad de M\u00e9xico tres han ocurrido en escuelas p\u00fablicas y cinco en instituciones educativas privadas.<\/p>\n\n\n\n<p>Los casos han ocurrido en las alcald\u00edas Tl\u00e1huac, GAM, Coyoac\u00e1n, \u00c1lvaro Obreg\u00f3n, Magdalena Contreras e Iztacalco.<\/p>\n\n\n\n<p><em>Con informaci\u00f3n de agencias.<\/em><\/p>\n","protected":false},"excerpt":{"rendered":"<p>La AEFCM detall\u00f3 que de los ocho casos detectados hasta ahora en la Ciudad de M\u00e9xico tres han ocurrido en escuelas p\u00fablicas y cinco en instituciones educativas privadas.<\/p>\n","protected":false},"author":1,"featured_media":204,"comment_status":"open","ping_status":"closed","sticky":false,"template":"","format":"standard","meta":{"footnotes":""},"categories":[9,6],"tags":[12,16],"class_list":["post-1307","post","type-post","status-publish","format-standard","has-post-thumbnail","hentry","category-covid-19","category-nacion","tag-covid-19","tag-nacion",""],"_links":{"self":[{"href":"https:\/\/acapulcocity.mx\/index.php\/wp-json\/wp\/v2\/posts\/1307","targetHints":{"allow":["GET"]}}],"collection":[{"href":"https:\/\/acapulcocity.mx\/index.php\/wp-json\/wp\/v2\/posts"}],"about":[{"href":"https:\/\/acapulcocity.mx\/index.php\/wp-json\/wp\/v2\/types\/post"}],"author":[{"embeddable":true,"href":"https:\/\/acapulcocity.mx\/index.php\/wp-json\/wp\/v2\/users\/1"}],"replies":[{"embeddable":true,"href":"https:\/\/acapulcocity.mx\/index.php\/wp-json\/wp\/v2\/comments?post=1307"}],"version-history":[{"count":1,"href":"https:\/\/acapulcocity.mx\/index.php\/wp-json\/wp\/v2\/posts\/1307\/revisions"}],"predecessor-version":[{"id":1308,"href":"https:\/\/acapulcocity.mx\/index.php\/wp-json\/wp\/v2\/posts\/1307\/revisions\/1308"}],"wp:featuredmedia":[{"embeddable":true,"href":"https:\/\/acapulcocity.mx\/index.php\/wp-json\/wp\/v2\/media\/204"}],"wp:attachment":[{"href":"https:\/\/acapulcocity.mx\/index.php\/wp-json\/wp\/v2\/media?parent=1307"}],"wp:term":[{"taxonomy":"category","embeddable":true,"href":"https:\/\/acapulcocity.mx\/index.php\/wp-json\/wp\/v2\/categories?post=1307"},{"taxonomy":"post_tag","embeddable":true,"href":"https:\/\/acapulcocity.mx\/index.php\/wp-json\/wp\/v2\/tags?post=1307"}],"curies":[{"name":"wp","href":"https:\/\/api.w.org\/{rel}","templated":true}]}}