{"id":136,"date":"2021-02-22T16:30:15","date_gmt":"2021-02-22T16:30:15","guid":{"rendered":"http:\/\/acapulcocity.mx\/?p=136"},"modified":"2021-02-22T16:30:15","modified_gmt":"2021-02-22T16:30:15","slug":"mario-es-nuestro-candidato-evodio-velazquez-llama-a-sumarse-al-proyecto-por-guerrero","status":"publish","type":"post","link":"https:\/\/acapulcocity.mx\/index.php\/2021\/02\/22\/mario-es-nuestro-candidato-evodio-velazquez-llama-a-sumarse-al-proyecto-por-guerrero\/","title":{"rendered":"\u201cMario, es nuestro candidato\u201d: Evodio Vel\u00e1zquez llama a sumarse al proyecto por Guerrero"},"content":{"rendered":"\n<p><strong><em>Acapulco, Guerrero. \u2013<\/em><\/strong> La alianza del Partido Revolucionario Institucional y el Partido de la Revoluci\u00f3n Democr\u00e1tica, hace un llamado a militantes, simpatizantes, y guerrerenses en general, a sumarse al proyecto por Guerrero representado por el priista Mario Moreno Arcos.<\/p>\n\n\n\n<p>El abanderado del PRD, Evodio Vel\u00e1zquez Aguirre, llam\u00f3 a sumar esfuerzos y luchar para que cada ciudadano tenga las mismas oportunidades.<\/p>\n\n\n\n<p>\u201cLa madurez debe imperar. Antes que Evodio, est\u00e1 un proyecto para Guerrero, por lo que vengo a decirles que es momento de sumar esfuerzos, sumarnos a la lucha\u201d.<\/p>\n\n\n\n<p>Vel\u00e1zquez Aguirre dej\u00f3 claro que debe asumir el papel que la historia le est\u00e1 pidiendo, el de recorrer Guerrero y buscar todas las capacidades necesarias para que Mario Moreno Arcos sea el gobernador.<\/p>\n\n\n\n<p>\u201cPero vas a ser el gobernador de todas y todos los guerrerenses. Hoy todos nos vamos a sumar a la alianza que juntos construimos. Mario, hoy, es nuestro candidato\u201d.<\/p>\n","protected":false},"excerpt":{"rendered":"<p>Moreno Arcos es el abanderado de la alianza PRI-PRD para competir por la gubernatura del estado.<\/p>\n","protected":false},"author":1,"featured_media":137,"comment_status":"open","ping_status":"closed","sticky":false,"template":"","format":"standard","meta":{"footnotes":""},"categories":[5,7],"tags":[2,15],"class_list":["post-136","post","type-post","status-publish","format-standard","has-post-thumbnail","hentry","category-guerrero","category-politica","tag-guerrero","tag-politica",""],"_links":{"self":[{"href":"https:\/\/acapulcocity.mx\/index.php\/wp-json\/wp\/v2\/posts\/136","targetHints":{"allow":["GET"]}}],"collection":[{"href":"https:\/\/acapulcocity.mx\/index.php\/wp-json\/wp\/v2\/posts"}],"about":[{"href":"https:\/\/acapulcocity.mx\/index.php\/wp-json\/wp\/v2\/types\/post"}],"author":[{"embeddable":true,"href":"https:\/\/acapulcocity.mx\/index.php\/wp-json\/wp\/v2\/users\/1"}],"replies":[{"embeddable":true,"href":"https:\/\/acapulcocity.mx\/index.php\/wp-json\/wp\/v2\/comments?post=136"}],"version-history":[{"count":1,"href":"https:\/\/acapulcocity.mx\/index.php\/wp-json\/wp\/v2\/posts\/136\/revisions"}],"predecessor-version":[{"id":140,"href":"https:\/\/acapulcocity.mx\/index.php\/wp-json\/wp\/v2\/posts\/136\/revisions\/140"}],"wp:featuredmedia":[{"embeddable":true,"href":"https:\/\/acapulcocity.mx\/index.php\/wp-json\/wp\/v2\/media\/137"}],"wp:attachment":[{"href":"https:\/\/acapulcocity.mx\/index.php\/wp-json\/wp\/v2\/media?parent=136"}],"wp:term":[{"taxonomy":"category","embeddable":true,"href":"https:\/\/acapulcocity.mx\/index.php\/wp-json\/wp\/v2\/categories?post=136"},{"taxonomy":"post_tag","embeddable":true,"href":"https:\/\/acapulcocity.mx\/index.php\/wp-json\/wp\/v2\/tags?post=136"}],"curies":[{"name":"wp","href":"https:\/\/api.w.org\/{rel}","templated":true}]}}