{"id":1511,"date":"2022-03-24T22:43:05","date_gmt":"2022-03-24T22:43:05","guid":{"rendered":"http:\/\/acapulcocity.mx\/?p=1511"},"modified":"2024-06-03T15:35:45","modified_gmt":"2024-06-03T21:35:45","slug":"juan-pablo-medina-reaparece-usando-protesis-tras-perder-una-pierna","status":"publish","type":"post","link":"https:\/\/acapulcocity.mx\/index.php\/2022\/03\/24\/juan-pablo-medina-reaparece-usando-protesis-tras-perder-una-pierna\/","title":{"rendered":"Juan Pablo Medina reaparece usando pr\u00f3tesis tras perder una pierna"},"content":{"rendered":"\n<p><strong><em>M\u00e9xico.-<\/em><\/strong> Despu\u00e9s de 8 meses desde que le fue amputada una de sus piernas\u00a0por complicaciones en su salud derivadas de un infarto,\u00a0Juan Pablo Medina\u00a0pos\u00f3, por primera vez, con su pr\u00f3tesis. El actor c\u00f3mo ha llevado el proceso de recuperaci\u00f3n y agradeci\u00f3 el apoyo incondicional que ha recibido por parte de sus seres queridos.<\/p>\n\n\n\n<p>Fue a mediados de 2021 cuando el mundo del espect\u00e1culo se estremeci\u00f3 tras conocer el estado de salud del distinguido actor que ha destacado en la industria nacional en proyectos como\u00a0<em>Soy tu fan<\/em>,<em>\u00a0La casa de las flores<\/em>,\u00a0<em>Se busca pap\u00e1<\/em>,\u00a0<em>Guadalupe Reyes<\/em>,\u00a0<em>El club de los idealistas, Amor de mis amores, Treintona, soltera y fant\u00e1stica<\/em>, entre muchos m\u00e1s.<\/p>\n\n\n\n<figure class=\"wp-block-embed-instagram wp-block-embed is-type-rich is-provider-instagram\"><div class=\"wp-block-embed__wrapper\">\nhttps:\/\/www.instagram.com\/p\/CbfdYnVr6cr\/\n<\/div><\/figure>\n\n\n\n<p>Desde ese momento, tanto el int\u00e9rprete como sus allegados se hab\u00edan mantenido al margen de la situaci\u00f3n y s\u00f3lo trascendieron algunos detalles como la amputaci\u00f3n de su extremidad a causa de una trombosis. Luego de meses en recuperaci\u00f3n, Medina concedi\u00f3 una entrevista para la revista<em>&nbsp;GQ<\/em>, donde abri\u00f3 su coraz\u00f3n para contar su experiencia de recuperaci\u00f3n.<\/p>\n\n\n\n<figure class=\"wp-block-embed-instagram wp-block-embed is-type-rich is-provider-instagram\"><div class=\"wp-block-embed__wrapper\">\nhttps:\/\/www.instagram.com\/p\/CbfmINgrjzx\/\n<\/div><\/figure>\n\n\n\n<p>Para empezar, Juan Pablo Medina comparti\u00f3 que su rehabilitaci\u00f3n comenz\u00f3 desde que tom\u00f3 la dif\u00edcil decisi\u00f3n de perder una pierna para salvar su vida, pues en cuanto notific\u00f3 al cuerpo m\u00e9dico\u00a0tuvo contacto con un psiquiatra que lo ayud\u00f3 a transitar por la situaci\u00f3n\u00a0y habr\u00eda sido gracias a las pl\u00e1ticas que sostuvo que pudo tomar la amputaci\u00f3n desde otra perspectiva.<\/p>\n\n\n\n<blockquote class=\"wp-block-quote is-layout-flow wp-block-quote-is-layout-flow\"><p>\u201cEmpezamos a hablar de la decisi\u00f3n desde antes de que se hiciera la intervenci\u00f3n m\u00e9dica y eso hizo toda la diferencia.\u00a0Es necesario entenderlo y que los especialistas te apoyen. Es algo muy cabr\u00f3n, pero pude contar con esa ayuda.\u00a0Nunca tom\u00e9 terapia en mi vida y ahora estoy decidido a no dejarla por nada\u201d, declar\u00f3 para dicho medio.<\/p><\/blockquote>\n\n\n\n<p>Tras la intervenci\u00f3n quir\u00fargica, Medina present\u00f3 insomnio que poco a poco se fue disipando con descanso atenci\u00f3n m\u00e9dica. El siguiente paso fue encontrar una pr\u00f3tesis adecuada a sus necesidades y para ello cont\u00f3 con\u00a0la ayuda de su novia\u00a0Paulina D\u00e1vila\u00a0y con su agente de comunicaci\u00f3n. La situaci\u00f3n le gener\u00f3 preocupaci\u00f3n porque no sab\u00eda c\u00f3mo ser\u00eda su vida con esta nueva herramienta de apoyo.<\/p>\n","protected":false},"excerpt":{"rendered":"<p>M\u00e9xico.- Despu\u00e9s de 8 meses desde que le fue amputada una de sus piernas\u00a0por complicaciones en su salud derivadas de un infarto,\u00a0Juan Pablo Medina\u00a0pos\u00f3, por primera vez, con su pr\u00f3tesis. El actor c\u00f3mo ha llevado el proceso de recuperaci\u00f3n y agradeci\u00f3 el apoyo incondicional que ha recibido por parte de<\/p>\n","protected":false},"author":1,"featured_media":1512,"comment_status":"open","ping_status":"closed","sticky":false,"template":"","format":"standard","meta":{"footnotes":""},"categories":[32,10],"tags":[],"class_list":["post-1511","post","type-post","status-publish","format-standard","has-post-thumbnail","hentry","category-tendencias","category-turismo",""],"_links":{"self":[{"href":"https:\/\/acapulcocity.mx\/index.php\/wp-json\/wp\/v2\/posts\/1511","targetHints":{"allow":["GET"]}}],"collection":[{"href":"https:\/\/acapulcocity.mx\/index.php\/wp-json\/wp\/v2\/posts"}],"about":[{"href":"https:\/\/acapulcocity.mx\/index.php\/wp-json\/wp\/v2\/types\/post"}],"author":[{"embeddable":true,"href":"https:\/\/acapulcocity.mx\/index.php\/wp-json\/wp\/v2\/users\/1"}],"replies":[{"embeddable":true,"href":"https:\/\/acapulcocity.mx\/index.php\/wp-json\/wp\/v2\/comments?post=1511"}],"version-history":[{"count":1,"href":"https:\/\/acapulcocity.mx\/index.php\/wp-json\/wp\/v2\/posts\/1511\/revisions"}],"predecessor-version":[{"id":1513,"href":"https:\/\/acapulcocity.mx\/index.php\/wp-json\/wp\/v2\/posts\/1511\/revisions\/1513"}],"wp:featuredmedia":[{"embeddable":true,"href":"https:\/\/acapulcocity.mx\/index.php\/wp-json\/wp\/v2\/media\/1512"}],"wp:attachment":[{"href":"https:\/\/acapulcocity.mx\/index.php\/wp-json\/wp\/v2\/media?parent=1511"}],"wp:term":[{"taxonomy":"category","embeddable":true,"href":"https:\/\/acapulcocity.mx\/index.php\/wp-json\/wp\/v2\/categories?post=1511"},{"taxonomy":"post_tag","embeddable":true,"href":"https:\/\/acapulcocity.mx\/index.php\/wp-json\/wp\/v2\/tags?post=1511"}],"curies":[{"name":"wp","href":"https:\/\/api.w.org\/{rel}","templated":true}]}}