{"id":2023,"date":"2023-05-29T19:14:43","date_gmt":"2023-05-29T19:14:43","guid":{"rendered":"https:\/\/acapulcocity.mx\/?p=2023"},"modified":"2023-05-29T19:14:44","modified_gmt":"2023-05-29T19:14:44","slug":"esta-es-la-cartelera-de-la-fila-2023","status":"publish","type":"post","link":"https:\/\/acapulcocity.mx\/index.php\/2023\/05\/29\/esta-es-la-cartelera-de-la-fila-2023\/","title":{"rendered":"Esta es la cartelera de la FILA 2023"},"content":{"rendered":"\n<p><strong><em>Acapulco, Guerrero.- <\/em><\/strong>Con la finalidad de fomentar la lectura entre la ciudadan\u00eda, la presidenta municipal, Abelina L\u00f3pez Rodr\u00edguez, junto con la secretaria de Bienestar y Desarrollo Comunitario, Leticia Lozano Zavala, encabez\u00f3 la presentaci\u00f3n de la cartelera de la Feria Internacional del Libro Acapulco (FILA) 2023, que se realizar\u00e1 del 27 de mayo al 01 de junio.<\/p>\n\n\n\n<p>En la Sala de Cabildo, Juan R. Escudero, la alcaldesa, Abelina L\u00f3pez, invit\u00f3 a la poblaci\u00f3n en general, especialmente a los j\u00f3venes, a asistir a la FILA, en la que participar\u00e1n seis escritores internacionales, 12 nacionales y 19 guerrerenses. Entre los pa\u00edses invitados, se encuentran Argentina, Uruguay, Per\u00fa y Bolivia.<\/p>\n\n\n\n<p>&#8220;Con esta presentaci\u00f3n de la Feria del Libro, buscamos que vengan, que participen y que traigan a sus hijos&#8221;, destac\u00f3.<\/p>\n\n\n\n<p>Adem\u00e1s, Abelina L\u00f3pez, afirm\u00f3 que, a trav\u00e9s de diferentes eventos, su gobierno est\u00e1 encaminando a los j\u00f3venes hacia la cultura y el deporte, fortaleciendo el tejido social y previniendo el delito.<\/p>\n\n\n\n<p>Por su parte, la secretaria de Bienestar y Desarrollo Comunitario, Leticia Lozano, reiter\u00f3 que la presidenta, Abelina L\u00f3pez, es una mujer de trabajo y de palabra, que ve a la cultura como un servicio y la educaci\u00f3n como el arma m\u00e1s poderosa para cambiar al municipio. Tambi\u00e9n invit\u00f3 a la poblaci\u00f3n a participar en este magn\u00edfico evento cultural.<\/p>\n\n\n\n<p>&#8220;Quedan cordialmente invitados a asistir a este evento, que se llevar\u00e1 a cabo del 27 de mayo al 01 de junio. Sean todos cordialmente bienvenidos a esta conferencia de prensa para anunciar la Feria Internacional del Libro Acapulco 2023&#8221;, afirm\u00f3.<\/p>\n\n\n\n<p>El director de Cultura del municipio, Christopher Brito Salgado, destac\u00f3 la importancia de generar espacios gratuitos para fomentar la lectura. &#8220;Acapulco se convertir\u00e1 en el epicentro literario de nuestra ciudad, es muy importante que todos los acapulque\u00f1os nos apropiemos de esto y que as\u00ed se pueda preservar y perdurar nuestra Feria Internacional del Libro Acapulco 2023&#8221;.<\/p>\n\n\n\n<p>El regidor presidente de la Comisi\u00f3n de Recreaci\u00f3n y Espect\u00e1culos, Pedro Manuel Vigueras Espino, reconoci\u00f3 el esfuerzo de la presidenta municipal, Abelina L\u00f3pez, por lograr un mejor Acapulco a trav\u00e9s del fomento de las artes.<\/p>\n\n\n\n<p>A su vez, el regidor presidente de la Comisi\u00f3n de Bienestar, Jos\u00e9 Antonio Carbajal Moreno, felicit\u00f3 a la administraci\u00f3n encabezada por Abelina L\u00f3pez, por promover la lectura e invit\u00f3 a la poblaci\u00f3n en general a sumarse a esta actividad.<\/p>\n\n\n\n<p>En la FILA participar\u00e1n alrededor de 30 expositores, entre editoriales y librer\u00edas. La inauguraci\u00f3n oficial se llevar\u00e1 a cabo ma\u00f1ana s\u00e1bado 27 de mayo a partir de las 17:00 horas en el Z\u00f3calo de la ciudad. Antes de eso, se presentar\u00e1 el libro &#8220;Por desobedecer a sus padres&#8221; de Ana Clavel. A las 20:00 horas, se realizar\u00e1 el concierto de Los Panchos.<\/p>\n\n\n\n<p>En esta misma sede se realizar\u00e1n presentaciones de libros de autores internacionales, nacionales y locales, conferencias, concursos y conciertos, como el de la cantante Crystal, el d\u00eda 31 de mayo a las 20:00 horas.<\/p>\n\n\n\n<p>Tambi\u00e9n se realizar\u00e1n talleres de lectura para ni\u00f1os y ni\u00f1as, al lado de la catedral, as\u00ed como el programa &#8220;FILA en tu universidad&#8221; en diferentes instituciones educativas. Cabe mencionar que la FILA 2023 contar\u00e1 con las obras ganadoras de la edici\u00f3n pasada: &#8220;Carta Natal&#8221; de Marxitania Ortega, &#8220;No Soy un Robot&#8221; de Oliver Terrones y &#8220;Acapulco en Breve&#8221; de Astrid Paola Chavelas.<\/p>\n\n\n\n<p>La cartelera completa se encuentra publicada en las redes sociales del Gobierno Municipal y de la Secretar\u00eda de Bienestar y Desarrollo Comunitario.<\/p>\n","protected":false},"excerpt":{"rendered":"<p>La presidenta ve a la cultura como un servicio y la educaci\u00f3n como el arma m\u00e1s poderosa para cambiar al municipio, destaca Lozano Zavala<\/p>\n","protected":false},"author":1,"featured_media":2024,"comment_status":"open","ping_status":"closed","sticky":false,"template":"","format":"standard","meta":{"footnotes":""},"categories":[4],"tags":[11],"class_list":["post-2023","post","type-post","status-publish","format-standard","has-post-thumbnail","hentry","category-acapulco","tag-acapulco",""],"_links":{"self":[{"href":"https:\/\/acapulcocity.mx\/index.php\/wp-json\/wp\/v2\/posts\/2023","targetHints":{"allow":["GET"]}}],"collection":[{"href":"https:\/\/acapulcocity.mx\/index.php\/wp-json\/wp\/v2\/posts"}],"about":[{"href":"https:\/\/acapulcocity.mx\/index.php\/wp-json\/wp\/v2\/types\/post"}],"author":[{"embeddable":true,"href":"https:\/\/acapulcocity.mx\/index.php\/wp-json\/wp\/v2\/users\/1"}],"replies":[{"embeddable":true,"href":"https:\/\/acapulcocity.mx\/index.php\/wp-json\/wp\/v2\/comments?post=2023"}],"version-history":[{"count":1,"href":"https:\/\/acapulcocity.mx\/index.php\/wp-json\/wp\/v2\/posts\/2023\/revisions"}],"predecessor-version":[{"id":2025,"href":"https:\/\/acapulcocity.mx\/index.php\/wp-json\/wp\/v2\/posts\/2023\/revisions\/2025"}],"wp:featuredmedia":[{"embeddable":true,"href":"https:\/\/acapulcocity.mx\/index.php\/wp-json\/wp\/v2\/media\/2024"}],"wp:attachment":[{"href":"https:\/\/acapulcocity.mx\/index.php\/wp-json\/wp\/v2\/media?parent=2023"}],"wp:term":[{"taxonomy":"category","embeddable":true,"href":"https:\/\/acapulcocity.mx\/index.php\/wp-json\/wp\/v2\/categories?post=2023"},{"taxonomy":"post_tag","embeddable":true,"href":"https:\/\/acapulcocity.mx\/index.php\/wp-json\/wp\/v2\/tags?post=2023"}],"curies":[{"name":"wp","href":"https:\/\/api.w.org\/{rel}","templated":true}]}}