{"id":2035,"date":"2023-05-29T19:26:30","date_gmt":"2023-05-29T19:26:30","guid":{"rendered":"https:\/\/acapulcocity.mx\/?p=2035"},"modified":"2023-05-29T19:26:31","modified_gmt":"2023-05-29T19:26:31","slug":"inaugura-abelina-lopez-la-vii-edicion-de-la-fila","status":"publish","type":"post","link":"https:\/\/acapulcocity.mx\/index.php\/2023\/05\/29\/inaugura-abelina-lopez-la-vii-edicion-de-la-fila\/","title":{"rendered":"Inaugura Abelina L\u00f3pez la VII edici\u00f3n de la FILA"},"content":{"rendered":"\n<p><strong><em>Acapulco, Guerrero.- <\/em><\/strong>En la inauguraci\u00f3n de la S\u00e9ptima Edici\u00f3n de la Feria Internacional del Libro Acapulco (FILA) 2023, la presidenta municipal, Abelina L\u00f3pez Rodr\u00edguez, junto con la Secretaria de Bienestar y Desarrollo Comunitario, Leticia Lozano Zavala, llam\u00f3 a la poblaci\u00f3n, especialmente a ni\u00f1as, ni\u00f1os y j\u00f3venes, para que lean, resaltando que los libros despiertan la imaginaci\u00f3n y ayudan a formar los sue\u00f1os.<\/p>\n\n\n\n<blockquote class=\"wp-block-quote is-layout-flow wp-block-quote-is-layout-flow\">\n<p><em>&#8220;Los invito a participar en esta feria que se llevar\u00e1 a cabo del 27 de mayo al 1 de junio. Ofrecer\u00e1 lecturas, conferencias, talleres, concursos y muchas m\u00e1s actividades. Te invito a que juntos escribamos una mejor historia para nuestra ciudad. Bienvenidos al mundo del conocimiento&#8221;, expres\u00f3 la alcaldesa.<\/em><\/p>\n\n\n\n<figure class=\"wp-block-image size-large\"><img fetchpriority=\"high\" decoding=\"async\" width=\"1024\" height=\"682\" src=\"https:\/\/acapulcocity.mx\/wp-content\/uploads\/2023\/05\/fila2-1024x682.jpeg\" alt=\"\" class=\"wp-image-2038\" srcset=\"https:\/\/acapulcocity.mx\/wp-content\/uploads\/2023\/05\/fila2-1024x682.jpeg 1024w, https:\/\/acapulcocity.mx\/wp-content\/uploads\/2023\/05\/fila2-300x200.jpeg 300w, https:\/\/acapulcocity.mx\/wp-content\/uploads\/2023\/05\/fila2-768x512.jpeg 768w, https:\/\/acapulcocity.mx\/wp-content\/uploads\/2023\/05\/fila2-1536x1023.jpeg 1536w, https:\/\/acapulcocity.mx\/wp-content\/uploads\/2023\/05\/fila2.jpeg 1600w\" sizes=\"(max-width: 1024px) 100vw, 1024px\" \/><\/figure>\n<\/blockquote>\n\n\n\n<p>Por su parte, la titular de la Secretar\u00eda de Bienestar y Desarrollo Comunitario, Leticia Lozano, reiter\u00f3 que Abelina L\u00f3pez, es una presidenta preocupada y ocupada por promover la educaci\u00f3n en el puerto. Su administraci\u00f3n cuenta con programas como &#8220;Leer para Transformar&#8221; y &#8220;Bibliotecas en tu Escuela&#8221;. Afirm\u00f3 que este evento, adem\u00e1s de impulsar la cultura y el talento acapulque\u00f1o, fomenta la convivencia familiar y contribuye a la construcci\u00f3n de la paz.<\/p>\n\n\n\n<blockquote class=\"wp-block-quote is-layout-flow wp-block-quote-is-layout-flow\">\n<p><em>&#8220;Este gobierno no se detendr\u00e1, ha convertido la lectura en una de sus prioridades en esta administraci\u00f3n. Queremos que las nuevas generaciones crezcan desarrollando este h\u00e1bito, que les guste y disfruten de los buenos libros&#8221;, manifest\u00f3.<\/em><\/p>\n<\/blockquote>\n\n\n\n<p>En tanto, el director de Cultura, Christopher Brito Salgado, mencion\u00f3 que la feria brinda a la sociedad la oportunidad de tener acceso a las novedades literarias de las editoriales m\u00e1s importantes del pa\u00eds, as\u00ed como al trabajo de escritores internacionales, nacionales y locales.<\/p>\n\n\n\n<p>En el Z\u00f3calo de la ciudad, junto con ediles, escritores y funcionarios, la alcaldesa, Abelina L\u00f3pez y la secretaria, Leticia Lozano, cortaron el list\u00f3n inaugural y realizaron un recorrido por la exhibici\u00f3n de t\u00edtulos de distintas editoriales, as\u00ed como por la exposici\u00f3n &#8220;Recuerdos de Elena Garro&#8221;, en el Kiosco, guiada por Estela Escobar.<\/p>\n\n\n\n<p>Despu\u00e9s de la inauguraci\u00f3n oficial del evento, Abelina L\u00f3pez entreg\u00f3 un reconocimiento al periodista y escritor Anituy Rebolledo Ayerdi, quien fue homenajeado con la presentaci\u00f3n del libro &#8220;Acapulco en una canci\u00f3n&#8221;, del cual se imprimir\u00e1n mil ejemplares.<\/p>\n\n\n\n<figure class=\"wp-block-image size-large\"><img decoding=\"async\" width=\"1024\" height=\"682\" src=\"https:\/\/acapulcocity.mx\/wp-content\/uploads\/2023\/05\/fila3-1024x682.jpeg\" alt=\"\" class=\"wp-image-2039\" srcset=\"https:\/\/acapulcocity.mx\/wp-content\/uploads\/2023\/05\/fila3-1024x682.jpeg 1024w, https:\/\/acapulcocity.mx\/wp-content\/uploads\/2023\/05\/fila3-300x200.jpeg 300w, https:\/\/acapulcocity.mx\/wp-content\/uploads\/2023\/05\/fila3-768x512.jpeg 768w, https:\/\/acapulcocity.mx\/wp-content\/uploads\/2023\/05\/fila3-1536x1023.jpeg 1536w, https:\/\/acapulcocity.mx\/wp-content\/uploads\/2023\/05\/fila3.jpeg 1600w\" sizes=\"(max-width: 1024px) 100vw, 1024px\" \/><\/figure>\n\n\n\n<p>Del mismo modo, se reconoci\u00f3 a la escritora Ximena Santaolalla, as\u00ed como a comentaristas y moderadores por su participaci\u00f3n en este festival.<\/p>\n\n\n\n<p>La presidenta, Abelina L\u00f3pez, entreg\u00f3 apoyos econ\u00f3micos a los atletas, Omar de la Cruz V\u00e1zquez y Natividad Padilla Reynoso, as\u00ed como a su representante, quienes participar\u00e1n en el Marat\u00f3n Sendai Jap\u00f3n 2023, a realizarse del 1 al 6 de junio.<\/p>\n\n\n\n<p>En el primer d\u00eda de actividades, se present\u00f3 el libro &#8220;A veces despierto temblando&#8221;, de Ximena Santaolalla, y el evento culmin\u00f3 con el concierto de Los Panchos, quienes amenizaron la noche con canciones como &#8220;Contigo&#8221;, &#8220;Una Copa M\u00e1s&#8221;, &#8220;Amorcito Coraz\u00f3n&#8221;, &#8220;Historia de un Amor&#8221;, entre otras, y posteriormente, recibieron un reconocimiento de manos de la alcaldesa.<\/p>\n\n\n\n<p>Participaron en el evento los regidores Flora Contreras Santos, Damaris Ruano Lucena, Hilda Sof\u00eda Corona Mijangos y Pedro Manuel Vigueras Espino; el encargado de despacho de la Secretar\u00eda de Seguridad P\u00fablica Municipal, Luis Enrique V\u00e1zquez Rodr\u00edguez; la escritora peruana Katya Adaui, entre otras autoridades y escritores.<\/p>\n","protected":false},"excerpt":{"rendered":"<p>\u201cTe invito a que juntos escribamos una mejor historia para nuestra ciudad&#8221;, afirma la presidenta<\/p>\n","protected":false},"author":1,"featured_media":2037,"comment_status":"open","ping_status":"closed","sticky":false,"template":"","format":"standard","meta":{"footnotes":""},"categories":[4],"tags":[11],"class_list":["post-2035","post","type-post","status-publish","format-standard","has-post-thumbnail","hentry","category-acapulco","tag-acapulco",""],"_links":{"self":[{"href":"https:\/\/acapulcocity.mx\/index.php\/wp-json\/wp\/v2\/posts\/2035","targetHints":{"allow":["GET"]}}],"collection":[{"href":"https:\/\/acapulcocity.mx\/index.php\/wp-json\/wp\/v2\/posts"}],"about":[{"href":"https:\/\/acapulcocity.mx\/index.php\/wp-json\/wp\/v2\/types\/post"}],"author":[{"embeddable":true,"href":"https:\/\/acapulcocity.mx\/index.php\/wp-json\/wp\/v2\/users\/1"}],"replies":[{"embeddable":true,"href":"https:\/\/acapulcocity.mx\/index.php\/wp-json\/wp\/v2\/comments?post=2035"}],"version-history":[{"count":1,"href":"https:\/\/acapulcocity.mx\/index.php\/wp-json\/wp\/v2\/posts\/2035\/revisions"}],"predecessor-version":[{"id":2040,"href":"https:\/\/acapulcocity.mx\/index.php\/wp-json\/wp\/v2\/posts\/2035\/revisions\/2040"}],"wp:featuredmedia":[{"embeddable":true,"href":"https:\/\/acapulcocity.mx\/index.php\/wp-json\/wp\/v2\/media\/2037"}],"wp:attachment":[{"href":"https:\/\/acapulcocity.mx\/index.php\/wp-json\/wp\/v2\/media?parent=2035"}],"wp:term":[{"taxonomy":"category","embeddable":true,"href":"https:\/\/acapulcocity.mx\/index.php\/wp-json\/wp\/v2\/categories?post=2035"},{"taxonomy":"post_tag","embeddable":true,"href":"https:\/\/acapulcocity.mx\/index.php\/wp-json\/wp\/v2\/tags?post=2035"}],"curies":[{"name":"wp","href":"https:\/\/api.w.org\/{rel}","templated":true}]}}