{"id":2060,"date":"2023-06-05T17:21:56","date_gmt":"2023-06-05T17:21:56","guid":{"rendered":"https:\/\/acapulcocity.mx\/?p=2060"},"modified":"2023-06-05T17:21:57","modified_gmt":"2023-06-05T17:21:57","slug":"culmina-con-exito-septima-edicion-de-la-fila","status":"publish","type":"post","link":"https:\/\/acapulcocity.mx\/index.php\/2023\/06\/05\/culmina-con-exito-septima-edicion-de-la-fila\/","title":{"rendered":"Culmina con \u00e9xito S\u00e9ptima Edici\u00f3n de la FILA"},"content":{"rendered":"\n<p><strong><em>Acapulco, Guerrero.-<\/em><\/strong> Con la voz de la cantante, Marisol Sosa, concluy\u00f3 con gran \u00e9xito la S\u00e9ptima Edici\u00f3n de la Feria Internacional del Libro Acapulco (FILA), que se desarroll\u00f3 del 27 de mayo al 01 de junio y que fue clausurado por la diplom\u00e1tica Rosalinda Bueso Asfura; adem\u00e1s, se premi\u00f3 a los ganadores del Segundo Premio Municipal de Literatura Acapulco 2023.<\/p>\n\n\n\n<p>El cierre estuvo a cargo de la cantante e invitada especial, Marisol Sosa, quien, acompa\u00f1ada por la Xochipilli Big Band, interpret\u00f3 diversos temas y recibi\u00f3 una ovaci\u00f3n de pie por parte de las y los asistentes, posteriormente, recibi\u00f3 un reconocimiento de manos de la maestra, Abelina L\u00f3pez Rodr\u00edguez, acompa\u00f1ada por la secretaria de Bienestar y Desarrollo Comunitario, Leticia Lozano Zavala y los regidores, Flora Contreras Santos y Pedro Manuel Vigueras Espino.<\/p>\n\n\n\n<p>En el Z\u00f3calo de la ciudad, sede principal de la FILA, la secretaria Leticia Lozano, inform\u00f3 que la feria cultural cont\u00f3 con la participaci\u00f3n de 97 escritores locales, nacionales e internacionales. Adem\u00e1s, se llevaron a cabo cinco talleres y actividades en las 16 bibliotecas p\u00fablicas municipales, en las cuales participaron m\u00e1s de 35 escuelas. Tambi\u00e9n se implement\u00f3 el programa &#8220;FILA en tu Universidad&#8221;.<\/p>\n\n\n\n<figure class=\"wp-block-image size-large\"><img fetchpriority=\"high\" decoding=\"async\" width=\"1024\" height=\"682\" src=\"https:\/\/acapulcocity.mx\/wp-content\/uploads\/2023\/06\/fila2-1024x682.jpeg\" alt=\"\" class=\"wp-image-2062\" srcset=\"https:\/\/acapulcocity.mx\/wp-content\/uploads\/2023\/06\/fila2-1024x682.jpeg 1024w, https:\/\/acapulcocity.mx\/wp-content\/uploads\/2023\/06\/fila2-300x200.jpeg 300w, https:\/\/acapulcocity.mx\/wp-content\/uploads\/2023\/06\/fila2-768x512.jpeg 768w, https:\/\/acapulcocity.mx\/wp-content\/uploads\/2023\/06\/fila2-1536x1023.jpeg 1536w, https:\/\/acapulcocity.mx\/wp-content\/uploads\/2023\/06\/fila2.jpeg 1600w\" sizes=\"(max-width: 1024px) 100vw, 1024px\" \/><\/figure>\n\n\n\n<p>La funcionaria municipal agradeci\u00f3 a los m\u00e1s de 30 expositores que participaron en el magno evento e invit\u00f3 a los j\u00f3venes a acercarse a la lectura. &#8220;Reconocemos y agradecemos a todos los que participaron para que este evento se hiciera realidad, pero queremos hacer especial menci\u00f3n al Gobierno Municipal de Acapulco, que promueve la cultura como una herramienta de transformaci\u00f3n&#8221;, resalt\u00f3.<\/p>\n\n\n\n<p>Durante la ceremonia de clausura, se presentaron los ganadores del Segundo Premio Municipal de Literatura Acapulco 2023: Abisai Ben\u00edtez Galeana, con su poemario &#8220;El dolor que me acompa\u00f1a&#8221;; Roxana Cort\u00e9s Molina, autora de la obra &#8220;Oc\u00e9ano madre&#8221;; y Jos\u00e9 Luis Zapata Torres, autor de &#8220;Cuartos para perderse despu\u00e9s&#8221;.<\/p>\n\n\n\n<p>Del 27 de mayo al 01 de junio, se llevaron a cabo m\u00e1s de 76 actividades, incluyendo presentaciones de libros, conciertos, conferencias, exposiciones, talleres, homenajes, concursos, conversatorios, clases magistrales, entre otros.<\/p>\n\n\n\n<p>La FILA 2023 cont\u00f3 con la participaci\u00f3n de escritores de pa\u00edses como Bolivia, Nicaragua, Per\u00fa y Uruguay. Adem\u00e1s, el p\u00fablico disfrut\u00f3 de las presentaciones de artistas como Los Panchos, Afro Santa Luc\u00eda, Palma de Coco y cantautores guerrerenses, as\u00ed como Crystal.<\/p>\n\n\n\n<figure class=\"wp-block-image size-large\"><img decoding=\"async\" width=\"1024\" height=\"682\" src=\"https:\/\/acapulcocity.mx\/wp-content\/uploads\/2023\/06\/fila3-1024x682.jpeg\" alt=\"\" class=\"wp-image-2063\" srcset=\"https:\/\/acapulcocity.mx\/wp-content\/uploads\/2023\/06\/fila3-1024x682.jpeg 1024w, https:\/\/acapulcocity.mx\/wp-content\/uploads\/2023\/06\/fila3-300x200.jpeg 300w, https:\/\/acapulcocity.mx\/wp-content\/uploads\/2023\/06\/fila3-768x512.jpeg 768w, https:\/\/acapulcocity.mx\/wp-content\/uploads\/2023\/06\/fila3-1536x1023.jpeg 1536w, https:\/\/acapulcocity.mx\/wp-content\/uploads\/2023\/06\/fila3.jpeg 1600w\" sizes=\"(max-width: 1024px) 100vw, 1024px\" \/><\/figure>\n\n\n\n<p>Las sedes principales fueron el Z\u00f3calo de la ciudad, el auditorio Juan \u00c1lvarez, el Rinc\u00f3n Literario con las 16 bibliotecas p\u00fablicas municipales, el Kiosco y el programa \u201cFILA en tu Universidad\u201d, que se llev\u00f3 a cabo en cuatro instituciones educativas.<\/p>\n\n\n\n<p>En la ceremonia de clausura estuvieron presentes, la diputada federal Araceli Ocampo Manzanares; el diputado de Ecatepec, Daniel Sibaja Gonz\u00e1lez; el s\u00edndico Miguel Jaimes Ramos y los regidores Flora Contreras Santos, Damaris Ruano Lucena, Karime Renter\u00eda Catal\u00e1n, Hilda Sof\u00eda Corona Mijangos, Pedro Manuel Vigueras Espino, Ricarda Robles Urioste y Jeanett Vergara Valencia.<\/p>\n\n\n\n<p>El evento cont\u00f3 con la participaci\u00f3n del director de Cultura Municipal, Christopher Brito Salgado, el secretario de Administraci\u00f3n y Finanzas, Carlos Morill\u00f3n Ram\u00edrez, entre otras autoridades. Tambi\u00e9n asisti\u00f3 el director del Instituto Internacional de Estudios Pol\u00edticos Avanzados Ignacio Manuel Altamirano (IIEPA-IMA), Marco Antonio Adame Meza.<\/p>\n","protected":false},"excerpt":{"rendered":"<p>La cantante, Marisol Sosa fue la encargada de cerrar con broche de oro el festival<\/p>\n","protected":false},"author":1,"featured_media":2061,"comment_status":"open","ping_status":"closed","sticky":false,"template":"","format":"standard","meta":{"footnotes":""},"categories":[4],"tags":[11],"class_list":["post-2060","post","type-post","status-publish","format-standard","has-post-thumbnail","hentry","category-acapulco","tag-acapulco",""],"_links":{"self":[{"href":"https:\/\/acapulcocity.mx\/index.php\/wp-json\/wp\/v2\/posts\/2060","targetHints":{"allow":["GET"]}}],"collection":[{"href":"https:\/\/acapulcocity.mx\/index.php\/wp-json\/wp\/v2\/posts"}],"about":[{"href":"https:\/\/acapulcocity.mx\/index.php\/wp-json\/wp\/v2\/types\/post"}],"author":[{"embeddable":true,"href":"https:\/\/acapulcocity.mx\/index.php\/wp-json\/wp\/v2\/users\/1"}],"replies":[{"embeddable":true,"href":"https:\/\/acapulcocity.mx\/index.php\/wp-json\/wp\/v2\/comments?post=2060"}],"version-history":[{"count":1,"href":"https:\/\/acapulcocity.mx\/index.php\/wp-json\/wp\/v2\/posts\/2060\/revisions"}],"predecessor-version":[{"id":2064,"href":"https:\/\/acapulcocity.mx\/index.php\/wp-json\/wp\/v2\/posts\/2060\/revisions\/2064"}],"wp:featuredmedia":[{"embeddable":true,"href":"https:\/\/acapulcocity.mx\/index.php\/wp-json\/wp\/v2\/media\/2061"}],"wp:attachment":[{"href":"https:\/\/acapulcocity.mx\/index.php\/wp-json\/wp\/v2\/media?parent=2060"}],"wp:term":[{"taxonomy":"category","embeddable":true,"href":"https:\/\/acapulcocity.mx\/index.php\/wp-json\/wp\/v2\/categories?post=2060"},{"taxonomy":"post_tag","embeddable":true,"href":"https:\/\/acapulcocity.mx\/index.php\/wp-json\/wp\/v2\/tags?post=2060"}],"curies":[{"name":"wp","href":"https:\/\/api.w.org\/{rel}","templated":true}]}}