{"id":225,"date":"2021-02-26T21:43:20","date_gmt":"2021-02-26T21:43:20","guid":{"rendered":"http:\/\/acapulcocity.mx\/?p=225"},"modified":"2021-02-26T21:43:20","modified_gmt":"2021-02-26T21:43:20","slug":"empleados-de-la-capama-exigen-renuncia-del-contralor","status":"publish","type":"post","link":"https:\/\/acapulcocity.mx\/index.php\/2021\/02\/26\/empleados-de-la-capama-exigen-renuncia-del-contralor\/","title":{"rendered":"Empleados de la Capama exigen renuncia del Contralor"},"content":{"rendered":"\n<p><strong><em>Acapulco, Guerrero.- <\/em><\/strong>Empleados de la Comisi\u00f3n de Agua Potable y Alcantarillado del Municipio de Acapulco (CAPAMA), exigen la renuncia del Contralo, Adalid Cruz L\u00f3pez, por presunto acoso laboral.<\/p>\n\n\n\n<p>La ma\u00f1ana de este viernes, los inconformes llegaron hasta las oficinas de la paramunicipal y colocaron carteles en la entrada en protesta contra el trato del Contralor.<\/p>\n\n\n\n<figure class=\"wp-block-image size-large\"><img fetchpriority=\"high\" decoding=\"async\" width=\"1024\" height=\"576\" src=\"https:\/\/acapulcocity.mx\/wp-content\/uploads\/2021\/02\/empelados-capama-protesta_1200x675-1024x576.jpg\" alt=\"\" class=\"wp-image-227\" srcset=\"https:\/\/acapulcocity.mx\/wp-content\/uploads\/2021\/02\/empelados-capama-protesta_1200x675-1024x576.jpg 1024w, https:\/\/acapulcocity.mx\/wp-content\/uploads\/2021\/02\/empelados-capama-protesta_1200x675-300x169.jpg 300w, https:\/\/acapulcocity.mx\/wp-content\/uploads\/2021\/02\/empelados-capama-protesta_1200x675-768x432.jpg 768w, https:\/\/acapulcocity.mx\/wp-content\/uploads\/2021\/02\/empelados-capama-protesta_1200x675.jpg 1200w\" sizes=\"(max-width: 1024px) 100vw, 1024px\" \/><\/figure>\n\n\n\n<p>Se trata de al menos 30 empleados pertenecientes a la secci\u00f3n 27 del Sindicato \u00danico de Servidores P\u00fablicos del Estado de Guerrero (Suspeg).<\/p>\n\n\n\n<p>Se\u00f1alan que desde que Cruz L\u00f3pez lleg\u00f3 al cargo, se ha dedicado a acosar a los trabajadores. Es la cuarta ocasi\u00f3n que exigen su destituci\u00f3n.<\/p>\n","protected":false},"excerpt":{"rendered":"<p>Se\u00f1alan presunto acoso laboral por parte de Adalid Cruz L\u00f3pez<\/p>\n","protected":false},"author":1,"featured_media":226,"comment_status":"open","ping_status":"closed","sticky":false,"template":"","format":"standard","meta":{"footnotes":""},"categories":[4],"tags":[11],"class_list":["post-225","post","type-post","status-publish","format-standard","has-post-thumbnail","hentry","category-acapulco","tag-acapulco",""],"_links":{"self":[{"href":"https:\/\/acapulcocity.mx\/index.php\/wp-json\/wp\/v2\/posts\/225","targetHints":{"allow":["GET"]}}],"collection":[{"href":"https:\/\/acapulcocity.mx\/index.php\/wp-json\/wp\/v2\/posts"}],"about":[{"href":"https:\/\/acapulcocity.mx\/index.php\/wp-json\/wp\/v2\/types\/post"}],"author":[{"embeddable":true,"href":"https:\/\/acapulcocity.mx\/index.php\/wp-json\/wp\/v2\/users\/1"}],"replies":[{"embeddable":true,"href":"https:\/\/acapulcocity.mx\/index.php\/wp-json\/wp\/v2\/comments?post=225"}],"version-history":[{"count":1,"href":"https:\/\/acapulcocity.mx\/index.php\/wp-json\/wp\/v2\/posts\/225\/revisions"}],"predecessor-version":[{"id":228,"href":"https:\/\/acapulcocity.mx\/index.php\/wp-json\/wp\/v2\/posts\/225\/revisions\/228"}],"wp:featuredmedia":[{"embeddable":true,"href":"https:\/\/acapulcocity.mx\/index.php\/wp-json\/wp\/v2\/media\/226"}],"wp:attachment":[{"href":"https:\/\/acapulcocity.mx\/index.php\/wp-json\/wp\/v2\/media?parent=225"}],"wp:term":[{"taxonomy":"category","embeddable":true,"href":"https:\/\/acapulcocity.mx\/index.php\/wp-json\/wp\/v2\/categories?post=225"},{"taxonomy":"post_tag","embeddable":true,"href":"https:\/\/acapulcocity.mx\/index.php\/wp-json\/wp\/v2\/tags?post=225"}],"curies":[{"name":"wp","href":"https:\/\/api.w.org\/{rel}","templated":true}]}}