{"id":2310,"date":"2023-06-28T14:08:37","date_gmt":"2023-06-28T20:08:37","guid":{"rendered":"https:\/\/acapulcocity.mx\/?p=2310"},"modified":"2023-06-28T14:08:37","modified_gmt":"2023-06-28T20:08:37","slug":"presentan-proyecto-de-ciclovia-segura-con-perspectiva-incluyente","status":"publish","type":"post","link":"https:\/\/acapulcocity.mx\/index.php\/2023\/06\/28\/presentan-proyecto-de-ciclovia-segura-con-perspectiva-incluyente\/","title":{"rendered":"Presentan proyecto de Ciclov\u00eda Segura, con perspectiva incluyente"},"content":{"rendered":"\n<p><strong><em>Acapulco, Guerrero.-<\/em><\/strong> Para salvaguardar la integridad de las y los peatones, as\u00ed como mejorar el entorno, la presidenta municipal, Abelina L\u00f3pez Rodr\u00edguez, present\u00f3 el proyecto de Ciclov\u00eda Segura, con perspectiva incluyente, que medir\u00e1 14.6 kil\u00f3metros y abarcar\u00e1 las colonias de Renacimiento y Emiliano Zapata.<\/p>\n\n\n\n<p>Junto a mandos de las fuerzas armadas y funcionarios del Ayuntamiento, la alcaldesa, Abelina L\u00f3pez, manifest\u00f3 que, mediante dicho proyecto, se busca que las y los j\u00f3venes de las diferentes instituciones educativas, que se encuentran en esa zona, transiten de manera segura, abonando a la econom\u00eda, al desplazarse en bicicleta, adem\u00e1s del cuidado al medio ambiente.<\/p>\n\n\n\n<p>\u201cEstamos hablando de 11 instituciones, entorno a estas zonas, y que nos va a permitir que t\u00fa, joven, puedas trasladarte en tu bicicleta y que podamos ayudar a la econom\u00eda&#8221;, precis\u00f3 la alcaldesa, al afirmar que, se tratar\u00e1 de un espacio seguro, al contar con vigilancia.<\/p>\n\n\n\n<p>Por su parte, la secretaria de Desarrollo Urbano y Obras P\u00fablicas del municipio, Luz Mar\u00eda Meraza Radilla, explic\u00f3 que la obra cumplir\u00e1 con todas las normas t\u00e9cnicas, paraderos, rampas, se\u00f1alamientos, adem\u00e1s, se rehabilitar\u00e1n banquetas, en caso de ser necesario.<\/p>\n\n\n\n<p>Tambi\u00e9n, conectar\u00e1 con servicios de salud, \u00e1reas deportivas, zonas escolares, iglesias, centros comerciales, que son grandes concentradores de personas.<\/p>\n\n\n\n<p>Aunado a ello, Luz Mar\u00eda Meraza, dijo que la presidenta municipal sostuvo una reuni\u00f3n en la Ciudad de M\u00e9xico, con el empresario, Carlos Slim, para gestionar apoyos como bicicletas para las y los j\u00f3venes y bibliotecas virtuales.<\/p>\n\n\n\n<p>Asistieron, el segundo comandante del 56 Batall\u00f3n de Infanter\u00eda, Luis \u00c1ngel Santos Iza; el encargado de despacho de la Secretar\u00eda de Seguridad P\u00fablica, Luis Enrique V\u00e1zquez Rodr\u00edguez, entre otras autoridades.<\/p>\n","protected":false},"excerpt":{"rendered":"<p>El proyecto contempla una longitud de 14.6 kil\u00f3metros, y comprende las colonias Renacimiento y Emiliano Zapata<\/p>\n","protected":false},"author":1,"featured_media":2312,"comment_status":"open","ping_status":"closed","sticky":false,"template":"","format":"standard","meta":{"footnotes":""},"categories":[4],"tags":[11],"class_list":["post-2310","post","type-post","status-publish","format-standard","has-post-thumbnail","hentry","category-acapulco","tag-acapulco",""],"_links":{"self":[{"href":"https:\/\/acapulcocity.mx\/index.php\/wp-json\/wp\/v2\/posts\/2310","targetHints":{"allow":["GET"]}}],"collection":[{"href":"https:\/\/acapulcocity.mx\/index.php\/wp-json\/wp\/v2\/posts"}],"about":[{"href":"https:\/\/acapulcocity.mx\/index.php\/wp-json\/wp\/v2\/types\/post"}],"author":[{"embeddable":true,"href":"https:\/\/acapulcocity.mx\/index.php\/wp-json\/wp\/v2\/users\/1"}],"replies":[{"embeddable":true,"href":"https:\/\/acapulcocity.mx\/index.php\/wp-json\/wp\/v2\/comments?post=2310"}],"version-history":[{"count":1,"href":"https:\/\/acapulcocity.mx\/index.php\/wp-json\/wp\/v2\/posts\/2310\/revisions"}],"predecessor-version":[{"id":2313,"href":"https:\/\/acapulcocity.mx\/index.php\/wp-json\/wp\/v2\/posts\/2310\/revisions\/2313"}],"wp:featuredmedia":[{"embeddable":true,"href":"https:\/\/acapulcocity.mx\/index.php\/wp-json\/wp\/v2\/media\/2312"}],"wp:attachment":[{"href":"https:\/\/acapulcocity.mx\/index.php\/wp-json\/wp\/v2\/media?parent=2310"}],"wp:term":[{"taxonomy":"category","embeddable":true,"href":"https:\/\/acapulcocity.mx\/index.php\/wp-json\/wp\/v2\/categories?post=2310"},{"taxonomy":"post_tag","embeddable":true,"href":"https:\/\/acapulcocity.mx\/index.php\/wp-json\/wp\/v2\/tags?post=2310"}],"curies":[{"name":"wp","href":"https:\/\/api.w.org\/{rel}","templated":true}]}}