{"id":2329,"date":"2023-06-28T14:33:23","date_gmt":"2023-06-28T20:33:23","guid":{"rendered":"https:\/\/acapulcocity.mx\/?p=2329"},"modified":"2023-06-28T14:33:23","modified_gmt":"2023-06-28T20:33:23","slug":"supervisan-funcionamiento-de-semaforos-en-costera","status":"publish","type":"post","link":"https:\/\/acapulcocity.mx\/index.php\/2023\/06\/28\/supervisan-funcionamiento-de-semaforos-en-costera\/","title":{"rendered":"Supervisan funcionamiento de sem\u00e1foros en Costera"},"content":{"rendered":"\n<p><strong><em>Acapulco, Guerrero.-<\/em><\/strong> La presidenta municipal, Abelina L\u00f3pez Rodr\u00edguez, supervis\u00f3 el funcionamiento de los sem\u00e1foros que instal\u00f3 la Coordinaci\u00f3n General de Movilidad y Transporte sobre la costera Miguel Alem\u00e1n, a la altura de la colonia Icacos, a fin de disminuir el n\u00famero de incidentes que se generan en la zona, y garantizar el libre tr\u00e1nsito de peatones.<\/p>\n\n\n\n<p>Durante su visita, la alcaldesa reiter\u00f3 que estos sem\u00e1foros se instalan dando respuesta inmediata a la poblaci\u00f3n e hizo un llamado a tomar conciencia, respetar los pasos peatonales, y los se\u00f1alamientos para evitar accidentes automovil\u00edsticos.<\/p>\n\n\n\n<blockquote class=\"wp-block-quote is-layout-flow wp-block-quote-is-layout-flow\">\n<p><em>&#8220;Este es un reclamo de la zona, porque dif\u00edcilmente pod\u00eda pasar el peat\u00f3n, en esta parte de la cual yo siempre he hablado, he dicho una y otra vez que en el centro de la administraci\u00f3n est\u00e1 la cultura, no se puede avanzar si no ponemos cada quien la parte que le toca; a ti, transportista te corresponde no invadir este paso peatonal para que podamos ceder al peat\u00f3n, \u00bfqu\u00e9 te corresponde a ti, peat\u00f3n?, pues respetar el sem\u00e1foro cuando est\u00e9 la luz en verde, esa es la ruta que se requiere para tener otro Acapulco, hago lo que me corresponde pero requiero de ti&#8221;, dijo.<\/em><\/p>\n<\/blockquote>\n\n\n\n<p>El coordinador de Movilidad y Transporte, Daniel Moya Fosado, inform\u00f3 que fueron instalados sem\u00e1foros vehiculares y peatonales en este punto catalogado como \u201cconflictivo\u201d, ya que anteriormente quienes circulaban por el carril Caleta- Base ten\u00edan complicaci\u00f3n al retornar y se generaban incidentes. Adem\u00e1s, con este nuevo sem\u00e1foro se garantiza la seguridad del peat\u00f3n, quienes expon\u00edan su integridad al cruzar la v\u00eda.<\/p>\n\n\n\n<p>Al exponer las caracter\u00edsticas t\u00e9cnicas del sem\u00e1foro, Moya Fosado, detall\u00f3 que se invirti\u00f3 un mill\u00f3n 742 mil 237 pesos, los aparatos de se\u00f1alizaci\u00f3n es de la marca EYSSA y cuenta con 2 estructuras vehiculares, 4 estructuras peatonales, 26 unidades led vehiculares, y 24 unidades led peatonales.<\/p>\n\n\n\n<p>Los ciudadanos reaccionaron de manera positiva por estos trabajos. Gerardo Gonz\u00e1lez Zavala, calific\u00f3 como \u201cexcelente\u201d la instalaci\u00f3n en esta zona, ya que dif\u00edcilmente los transportistas respetaban el paso peatonal.<\/p>\n\n\n\n<blockquote class=\"wp-block-quote is-layout-flow wp-block-quote-is-layout-flow\">\n<p><em>\u201cMe parece bien, ya hac\u00eda mucha falta, a veces los carros no se paraban y uno ten\u00eda que pasar as\u00ed, r\u00e1pido, de repente y corr\u00eda el riesgo de ser atropellado, le damos gracias a la presidenta que haya puesto este sem\u00e1foro porque la verdad ya hac\u00eda falta&#8221;.<\/em><\/p>\n<\/blockquote>\n\n\n\n<p>El transportista, Alin M\u00e1rquez, mencion\u00f3 que, &#8220;ya hac\u00eda falta para la seguridad de todos, todos los conductores y turistas, el paso peatonal ya hac\u00eda falta, es excelente para que tomemos conciencia&#8221;.<\/p>\n\n\n\n<p>En el lugar, tambi\u00e9n se puso en marcha la campa\u00f1a \u201cYo S\u00ed Respeto\u201d con la cual se busca sensibilizar y compartir a automovilistas, peatones y usuarios del transporte p\u00fablico las normas viales del municipio a trav\u00e9s de carteles e im\u00e1genes impresas.<br>Asistieron, el secretario general del Ayuntamiento, Jos\u00e9 Juan Ayala Villase\u00f1or y colaboradores de la coordinaci\u00f3n.<\/p>\n","protected":false},"excerpt":{"rendered":"<p>Conductores y peatones ven la medida de manera positiva y agradecen a la alcaldesa por atender sus peticiones<\/p>\n","protected":false},"author":1,"featured_media":2331,"comment_status":"open","ping_status":"closed","sticky":false,"template":"","format":"standard","meta":{"footnotes":""},"categories":[4],"tags":[11],"class_list":["post-2329","post","type-post","status-publish","format-standard","has-post-thumbnail","hentry","category-acapulco","tag-acapulco",""],"_links":{"self":[{"href":"https:\/\/acapulcocity.mx\/index.php\/wp-json\/wp\/v2\/posts\/2329","targetHints":{"allow":["GET"]}}],"collection":[{"href":"https:\/\/acapulcocity.mx\/index.php\/wp-json\/wp\/v2\/posts"}],"about":[{"href":"https:\/\/acapulcocity.mx\/index.php\/wp-json\/wp\/v2\/types\/post"}],"author":[{"embeddable":true,"href":"https:\/\/acapulcocity.mx\/index.php\/wp-json\/wp\/v2\/users\/1"}],"replies":[{"embeddable":true,"href":"https:\/\/acapulcocity.mx\/index.php\/wp-json\/wp\/v2\/comments?post=2329"}],"version-history":[{"count":1,"href":"https:\/\/acapulcocity.mx\/index.php\/wp-json\/wp\/v2\/posts\/2329\/revisions"}],"predecessor-version":[{"id":2332,"href":"https:\/\/acapulcocity.mx\/index.php\/wp-json\/wp\/v2\/posts\/2329\/revisions\/2332"}],"wp:featuredmedia":[{"embeddable":true,"href":"https:\/\/acapulcocity.mx\/index.php\/wp-json\/wp\/v2\/media\/2331"}],"wp:attachment":[{"href":"https:\/\/acapulcocity.mx\/index.php\/wp-json\/wp\/v2\/media?parent=2329"}],"wp:term":[{"taxonomy":"category","embeddable":true,"href":"https:\/\/acapulcocity.mx\/index.php\/wp-json\/wp\/v2\/categories?post=2329"},{"taxonomy":"post_tag","embeddable":true,"href":"https:\/\/acapulcocity.mx\/index.php\/wp-json\/wp\/v2\/tags?post=2329"}],"curies":[{"name":"wp","href":"https:\/\/api.w.org\/{rel}","templated":true}]}}