{"id":2336,"date":"2023-06-28T14:39:57","date_gmt":"2023-06-28T20:39:57","guid":{"rendered":"https:\/\/acapulcocity.mx\/?p=2336"},"modified":"2023-06-28T14:39:57","modified_gmt":"2023-06-28T20:39:57","slug":"colocan-los-primeros-puestos-provisionales-del-mercado-central","status":"publish","type":"post","link":"https:\/\/acapulcocity.mx\/index.php\/2023\/06\/28\/colocan-los-primeros-puestos-provisionales-del-mercado-central\/","title":{"rendered":"Colocan los primeros puestos provisionales del Mercado Central"},"content":{"rendered":"\n<p><strong><em>Acapulco, Guerrero.- <\/em><\/strong>Por instrucci\u00f3n de la presidenta, Abelina L\u00f3pez Rodr\u00edguez, la Secretar\u00eda de Desarrollo Urbano y Obras P\u00fablicas (SDUOP), inici\u00f3 la instalaci\u00f3n de los primeros locales provisionales que ser\u00e1n asignados a comerciantes afectados por el incendio del mercado Central.<\/p>\n\n\n\n<p>La titular de la SDUOP, Luz Mar\u00eda Meraza Radilla, explic\u00f3 que, los puestos temporales se colocar\u00e1n en el \u00e1rea donde se ubicaba la Nave de Sombrillas, para no estropear los trabajos que se realizan en el arco techo. Adem\u00e1s, dio a conocer que fueron invertidos por la administraci\u00f3n 5 millones de pesos para el proceso de habilitaci\u00f3n y colocaci\u00f3n de los mismos. Asimismo, comparti\u00f3 que ser\u00e1n 360 locales los que se instalar\u00e1n en esta zona y ser\u00e1n distribuidos en la parte del estacionamiento y la calle 2 de Agosto.<\/p>\n\n\n\n<figure class=\"wp-block-image size-full\"><img fetchpriority=\"high\" decoding=\"async\" width=\"975\" height=\"596\" src=\"https:\/\/acapulcocity.mx\/wp-content\/uploads\/2023\/06\/mercado2.jpg\" alt=\"\" class=\"wp-image-2338\" srcset=\"https:\/\/acapulcocity.mx\/wp-content\/uploads\/2023\/06\/mercado2.jpg 975w, https:\/\/acapulcocity.mx\/wp-content\/uploads\/2023\/06\/mercado2-300x183.jpg 300w, https:\/\/acapulcocity.mx\/wp-content\/uploads\/2023\/06\/mercado2-768x469.jpg 768w\" sizes=\"(max-width: 975px) 100vw, 975px\" \/><\/figure>\n\n\n\n<p>Por otra parte, ya se tienen avances de la cimentaci\u00f3n del arco techo y se espera que este fin de semana concluyan con la estructura.<\/p>\n\n\n\n<p>Como parte de los avances, esta semana personal operativo demoli\u00f3 la fachada que da a la calle Diego Hurtado de Mendoza, se desmantelaron los locales que estaban al interior y proceder\u00e1n al retiro de losas.<\/p>\n\n\n\n<p>Tambi\u00e9n, los trabajadores comenzaron con la instalaci\u00f3n de estructuras met\u00e1licas y la colocaci\u00f3n de l\u00e1minas, adem\u00e1s, contin\u00faan las labores de limpieza con el apoyo de m\u00e1quinas retroexcavadoras.<\/p>\n\n\n\n<p>Con estas acciones, el Gobierno Municipal de Acapulco que preside la alcaldesa, Abelina L\u00f3pez Rodr\u00edguez se mantiene atento a las necesidades de los comerciantes, a trav\u00e9s de sus dependencias trabaja a marchas forzadas para agilizar la instalaci\u00f3n de cada uno de ellos y reactivar su econom\u00eda.<\/p>\n\n\n\n<figure class=\"wp-block-image size-full\"><img decoding=\"async\" width=\"973\" height=\"562\" src=\"https:\/\/acapulcocity.mx\/wp-content\/uploads\/2023\/06\/mercado3.jpg\" alt=\"\" class=\"wp-image-2339\" srcset=\"https:\/\/acapulcocity.mx\/wp-content\/uploads\/2023\/06\/mercado3.jpg 973w, https:\/\/acapulcocity.mx\/wp-content\/uploads\/2023\/06\/mercado3-300x173.jpg 300w, https:\/\/acapulcocity.mx\/wp-content\/uploads\/2023\/06\/mercado3-768x444.jpg 768w\" sizes=\"(max-width: 973px) 100vw, 973px\" \/><\/figure>\n","protected":false},"excerpt":{"rendered":"<p>Se invirtieron 5 mdp para el proceso de habilitaci\u00f3n de 360 locales, inform\u00f3 la SDUOP<\/p>\n","protected":false},"author":1,"featured_media":2337,"comment_status":"open","ping_status":"closed","sticky":false,"template":"","format":"standard","meta":{"footnotes":""},"categories":[4],"tags":[11],"class_list":["post-2336","post","type-post","status-publish","format-standard","has-post-thumbnail","hentry","category-acapulco","tag-acapulco",""],"_links":{"self":[{"href":"https:\/\/acapulcocity.mx\/index.php\/wp-json\/wp\/v2\/posts\/2336","targetHints":{"allow":["GET"]}}],"collection":[{"href":"https:\/\/acapulcocity.mx\/index.php\/wp-json\/wp\/v2\/posts"}],"about":[{"href":"https:\/\/acapulcocity.mx\/index.php\/wp-json\/wp\/v2\/types\/post"}],"author":[{"embeddable":true,"href":"https:\/\/acapulcocity.mx\/index.php\/wp-json\/wp\/v2\/users\/1"}],"replies":[{"embeddable":true,"href":"https:\/\/acapulcocity.mx\/index.php\/wp-json\/wp\/v2\/comments?post=2336"}],"version-history":[{"count":1,"href":"https:\/\/acapulcocity.mx\/index.php\/wp-json\/wp\/v2\/posts\/2336\/revisions"}],"predecessor-version":[{"id":2340,"href":"https:\/\/acapulcocity.mx\/index.php\/wp-json\/wp\/v2\/posts\/2336\/revisions\/2340"}],"wp:featuredmedia":[{"embeddable":true,"href":"https:\/\/acapulcocity.mx\/index.php\/wp-json\/wp\/v2\/media\/2337"}],"wp:attachment":[{"href":"https:\/\/acapulcocity.mx\/index.php\/wp-json\/wp\/v2\/media?parent=2336"}],"wp:term":[{"taxonomy":"category","embeddable":true,"href":"https:\/\/acapulcocity.mx\/index.php\/wp-json\/wp\/v2\/categories?post=2336"},{"taxonomy":"post_tag","embeddable":true,"href":"https:\/\/acapulcocity.mx\/index.php\/wp-json\/wp\/v2\/tags?post=2336"}],"curies":[{"name":"wp","href":"https:\/\/api.w.org\/{rel}","templated":true}]}}