{"id":2341,"date":"2023-06-28T14:44:54","date_gmt":"2023-06-28T20:44:54","guid":{"rendered":"https:\/\/acapulcocity.mx\/?p=2341"},"modified":"2023-06-28T14:44:54","modified_gmt":"2023-06-28T20:44:54","slug":"invertiran-15-mdp-en-rehabilitacion-integral-de-calles-del-centro-anuncia-abelina","status":"publish","type":"post","link":"https:\/\/acapulcocity.mx\/index.php\/2023\/06\/28\/invertiran-15-mdp-en-rehabilitacion-integral-de-calles-del-centro-anuncia-abelina\/","title":{"rendered":"Invertir\u00e1n 15 mdp en rehabilitaci\u00f3n integral de calles del Centro, anuncia Abelina"},"content":{"rendered":"\n<p><strong><em>Acapulco, Guerrero.- <\/em><\/strong>La presidenta municipal, Abelina L\u00f3pez Rodr\u00edguez, encabez\u00f3 un recorrido por el Centro de la ciudad, y anunci\u00f3 una inversi\u00f3n de 15 millones de pesos para la rehabilitaci\u00f3n integral de las calles 5 de Mayo, Progreso, Lerdo de Tejada y Sinfon\u00eda del Mar, hasta el fraccionamiento Las Playas.<\/p>\n\n\n\n<p>Durante el recorrido, la alcaldesa afirm\u00f3 que se busca rehabilitar las calles de la denominada \u201cv\u00eda alterna\u201d, que comprende desde la avenida 5 de Mayo, del entronque con Costera, pasando por el punto conocido como 7 Esquinas, hasta llegar a Sinfon\u00eda del Mar y fraccionamiento Las Playas. Tambi\u00e9n, se realizar\u00e1 la reparaci\u00f3n de luminarias, intervenci\u00f3n de \u00e1reas verdes y guarniciones, se colocar\u00e1 se\u00f1al\u00e9ticas y semaforizaci\u00f3n en zonas que no cuentan con ello.<\/p>\n\n\n\n<p>Abelina L\u00f3pez, enfatiz\u00f3 que se busca dar un mejor rostro de esta \u201cv\u00eda alterna\u201d y detonar la econom\u00eda de los negocios de esta zona. Puntualiz\u00f3 que, gracias al buen manejo de las finanzas, esta obra se har\u00e1 con recursos propios del municipio.<\/p>\n\n\n\n<p>\u201cSeguimos trabajando para la ciudad, esto es un recurso, como coloquialmente se dice, de recursos fiscales, recursos que a trav\u00e9s de tus impuestos hoy s\u00ed tienen sentido, que sirven para la gente\u201d, afirm\u00f3.<\/p>\n\n\n\n<p>En su recorrido, la alcaldesa salud\u00f3 a comerciantes y ciudadanos, les plante\u00f3 el proyecto de rehabilitaci\u00f3n y los trabajos que ha venido realizando su gobierno en beneficio de la ciudadan\u00eda.<\/p>\n\n\n\n<p>A trav\u00e9s de la coordinaci\u00f3n de Movilidad y Transporte, se inform\u00f3 que, otro de los objetivos es agilizar la circulaci\u00f3n vehicular sobre la avenida costera Miguel Alem\u00e1n, en el sentido de z\u00f3calo \u2013 Caleta, la obra se espera concluir en un lapso de tres meses.<\/p>\n\n\n\n<p>Asistieron, el director de Obras P\u00fablicas, Vladimir Hern\u00e1ndez Alem\u00e1n; el coordinador de Movilidad y Transporte, Daniel Moya Fosado; el director de Maquinaria Pesada y Parque Vehicular, Silvestre G\u00f3mez Mart\u00ednez y dem\u00e1s funcionarios.<\/p>\n","protected":false},"excerpt":{"rendered":"<p>Las obras se realizar\u00e1n en las calles 5 de Mayo, Progreso, Lerdo de Tejada, y Sinfon\u00eda del Mar, hasta el fraccionamiento Las Playas<\/p>\n","protected":false},"author":1,"featured_media":2342,"comment_status":"open","ping_status":"closed","sticky":false,"template":"","format":"standard","meta":{"footnotes":""},"categories":[4],"tags":[11],"class_list":["post-2341","post","type-post","status-publish","format-standard","has-post-thumbnail","hentry","category-acapulco","tag-acapulco",""],"_links":{"self":[{"href":"https:\/\/acapulcocity.mx\/index.php\/wp-json\/wp\/v2\/posts\/2341","targetHints":{"allow":["GET"]}}],"collection":[{"href":"https:\/\/acapulcocity.mx\/index.php\/wp-json\/wp\/v2\/posts"}],"about":[{"href":"https:\/\/acapulcocity.mx\/index.php\/wp-json\/wp\/v2\/types\/post"}],"author":[{"embeddable":true,"href":"https:\/\/acapulcocity.mx\/index.php\/wp-json\/wp\/v2\/users\/1"}],"replies":[{"embeddable":true,"href":"https:\/\/acapulcocity.mx\/index.php\/wp-json\/wp\/v2\/comments?post=2341"}],"version-history":[{"count":1,"href":"https:\/\/acapulcocity.mx\/index.php\/wp-json\/wp\/v2\/posts\/2341\/revisions"}],"predecessor-version":[{"id":2343,"href":"https:\/\/acapulcocity.mx\/index.php\/wp-json\/wp\/v2\/posts\/2341\/revisions\/2343"}],"wp:featuredmedia":[{"embeddable":true,"href":"https:\/\/acapulcocity.mx\/index.php\/wp-json\/wp\/v2\/media\/2342"}],"wp:attachment":[{"href":"https:\/\/acapulcocity.mx\/index.php\/wp-json\/wp\/v2\/media?parent=2341"}],"wp:term":[{"taxonomy":"category","embeddable":true,"href":"https:\/\/acapulcocity.mx\/index.php\/wp-json\/wp\/v2\/categories?post=2341"},{"taxonomy":"post_tag","embeddable":true,"href":"https:\/\/acapulcocity.mx\/index.php\/wp-json\/wp\/v2\/tags?post=2341"}],"curies":[{"name":"wp","href":"https:\/\/api.w.org\/{rel}","templated":true}]}}