{"id":2458,"date":"2023-07-23T12:44:13","date_gmt":"2023-07-23T18:44:13","guid":{"rendered":"https:\/\/acapulcocity.mx\/?p=2458"},"modified":"2023-07-23T12:44:13","modified_gmt":"2023-07-23T18:44:13","slug":"se-seca-monterrey-temen-otra-crisis-por-falta-de-agua","status":"publish","type":"post","link":"https:\/\/acapulcocity.mx\/index.php\/2023\/07\/23\/se-seca-monterrey-temen-otra-crisis-por-falta-de-agua\/","title":{"rendered":"Se &#8220;seca&#8221; Monterrey; temen otra crisis por falta de agua"},"content":{"rendered":"\n<p><strong><em>M\u00e9xico.- <\/em><\/strong>La ciudad de Monterrey teme repetir la sequ\u00eda\u00a0que vivi\u00f3 hace un a\u00f1o ante la ca\u00edda del nivel del agua de la presa La Boca, que abastece en parte a la zona metropolitana, de m\u00e1s de cinco millones de habitantes.<\/p>\n\n\n\n<p>Ante el bajo nivel de almacenamiento del citado embalse, el temor entre los habitantes del estado, polo industrial del pa\u00eds, ha recordado la\u00a0crisis h\u00eddrica registrada en 2022, que llev\u00f3 a cortes programados del suministro y falta del servicio de agua en cientos de vecindarios.<\/p>\n\n\n\n<p>De acuerdo con datos de\u00a0la Comisi\u00f3n Nacional del Agua (Conagua)\u00a0la presa ubicada en el municipio de Santiago, conurbado con la capital Monterrey, est\u00e1 en 37 por ciento de su capacidad, situaci\u00f3n que ha \u201cencendido las alarmas\u201d.<\/p>\n\n\n\n<p>En un recorrido llevado a cabo por EFE se pudo constatar la situaci\u00f3n en la que luce\u00a0la presa\u00a0con grandes extensiones de tierra, en donde deber\u00eda existir agua, y embarcaciones encalladas.<\/p>\n\n\n\n<p>Luis Espinosa, comerciante del lugar, dijo que tienen miedo de que se repita la situaci\u00f3n que se vivi\u00f3 en 2022 cuando los bajos niveles de agua impactaron al turismo.<\/p>\n","protected":false},"excerpt":{"rendered":"<p>En el 2022 se vivi\u00f3 la primer crisis por falta de agua.<\/p>\n","protected":false},"author":1,"featured_media":2459,"comment_status":"closed","ping_status":"closed","sticky":false,"template":"","format":"standard","meta":{"footnotes":""},"categories":[6],"tags":[16],"class_list":["post-2458","post","type-post","status-publish","format-standard","has-post-thumbnail","hentry","category-nacion","tag-nacion",""],"_links":{"self":[{"href":"https:\/\/acapulcocity.mx\/index.php\/wp-json\/wp\/v2\/posts\/2458","targetHints":{"allow":["GET"]}}],"collection":[{"href":"https:\/\/acapulcocity.mx\/index.php\/wp-json\/wp\/v2\/posts"}],"about":[{"href":"https:\/\/acapulcocity.mx\/index.php\/wp-json\/wp\/v2\/types\/post"}],"author":[{"embeddable":true,"href":"https:\/\/acapulcocity.mx\/index.php\/wp-json\/wp\/v2\/users\/1"}],"replies":[{"embeddable":true,"href":"https:\/\/acapulcocity.mx\/index.php\/wp-json\/wp\/v2\/comments?post=2458"}],"version-history":[{"count":1,"href":"https:\/\/acapulcocity.mx\/index.php\/wp-json\/wp\/v2\/posts\/2458\/revisions"}],"predecessor-version":[{"id":2460,"href":"https:\/\/acapulcocity.mx\/index.php\/wp-json\/wp\/v2\/posts\/2458\/revisions\/2460"}],"wp:featuredmedia":[{"embeddable":true,"href":"https:\/\/acapulcocity.mx\/index.php\/wp-json\/wp\/v2\/media\/2459"}],"wp:attachment":[{"href":"https:\/\/acapulcocity.mx\/index.php\/wp-json\/wp\/v2\/media?parent=2458"}],"wp:term":[{"taxonomy":"category","embeddable":true,"href":"https:\/\/acapulcocity.mx\/index.php\/wp-json\/wp\/v2\/categories?post=2458"},{"taxonomy":"post_tag","embeddable":true,"href":"https:\/\/acapulcocity.mx\/index.php\/wp-json\/wp\/v2\/tags?post=2458"}],"curies":[{"name":"wp","href":"https:\/\/api.w.org\/{rel}","templated":true}]}}