{"id":2566,"date":"2023-08-13T19:56:24","date_gmt":"2023-08-14T01:56:24","guid":{"rendered":"https:\/\/acapulcocity.mx\/?p=2566"},"modified":"2023-08-13T19:56:24","modified_gmt":"2023-08-14T01:56:24","slug":"entrega-abelina-mil-100-apoyos-del-programa-proapdis","status":"publish","type":"post","link":"https:\/\/acapulcocity.mx\/index.php\/2023\/08\/13\/entrega-abelina-mil-100-apoyos-del-programa-proapdis\/","title":{"rendered":"Entrega Abelina mil 100 apoyos del programa PROAPDIS"},"content":{"rendered":"\n<p><strong><em>Acapulco, Guerrero.- <\/em><\/strong>La presidenta municipal, Abelina L\u00f3pez Rodr\u00edguez, encabez\u00f3 la entrega de apoyo econ\u00f3mico del Programa de Apoyo a Personas con Discapacidad (PROAPDIS), el cual se realiza a trav\u00e9s de la Secretar\u00eda de Bienestar y Desarrollo Comunitario que dirige Leticia Lozano Zavala; se beneficiaron mil 100 personas.<\/p>\n\n\n\n<p>En la cancha techada de la Unidad Deportiva \u201cVicente Su\u00e1rez\u201d, la primera edil entreg\u00f3 la cantidad de 2 mil 500 pesos a cada beneficiario. Dijo que el sector de grupos vulnerables cuenta con una presidenta de coraz\u00f3n y, mientras ella siga en el gobierno, contar\u00e1n con su pago puntual de manera cuatrimestral.<\/p>\n\n\n\n<p>Abelina L\u00f3pez dijo que su gobierno tiene una participaci\u00f3n activa con las personas con discapacidad y, por ello, se ha hecho trabajo de comunidad. Asimismo, anunci\u00f3 la creaci\u00f3n de la playa incluyente Manzanillo para el pr\u00f3ximo a\u00f1o, proyecto que se est\u00e1 trabajando para que cumpla con la normatividad que marca la Secretar\u00eda de Medio Ambiente y Recursos Naturales (Semarnat).<\/p>\n\n\n\n<p>Afirm\u00f3 que su gobierno busca eliminar las barreras f\u00edsicas y sociales que impiden el pleno desarrollo de las personas con discapacidad, con el objetivo de caminar hacia un futuro m\u00e1s inclusivo con este sector.<\/p>\n\n\n\n<p>\u201cEn este camino hacia una sociedad m\u00e1s inclusiva, es fundamental recordar que todos merecemos ser tratados con dignidad y respeto, tenemos que ser conscientes de nuestras palabras y acciones, por ello, hoy que me toca estar al frente traemos una participaci\u00f3n activa, siendo emp\u00e1ticos con quien padece una discapacidad. Mientras yo est\u00e9 su apoyo estar\u00e1 puntualmente\u201d, expres\u00f3.<\/p>\n\n\n\n<p>En su intervenci\u00f3n, la Secretaria de Bienestar y Desarrollo Comunitario, Leticia Lozano Zavala, dijo que la presidenta municipal contin\u00faa trabajando para mejorar los apoyos sociales, prueba de ello, en su primer a\u00f1o de gobierno aument\u00f3 el padr\u00f3n de los beneficiarios del PROAPDIS de 500 a mil y actualmente se tiene el registro de mil 100 personas que reciben el apoyo econ\u00f3mico, sin endeudar al municipio.<\/p>\n\n\n\n<p>Se\u00f1al\u00f3 que la administraci\u00f3n municipal se distingue por ser fiel a los ejes rectores de honestidad y transparencia y con la entrega de apoyos econ\u00f3micos se refrenda el compromiso con el sector de grupos vulnerables. Anunci\u00f3 que se impartir\u00e1 el curso-taller de sillas de ruedas, del 25 de septiembre al 6 de octubre, sum\u00e1ndose a los talleres que se han realizado a trav\u00e9s de la Direcci\u00f3n de Atenci\u00f3n a Grupos Vulnerables y Migrantes, con el objetivo de lograr la inclusi\u00f3n, sensibilidad y concientizaci\u00f3n.<\/p>\n\n\n\n<p>\u201cTengan la certeza que este Gobierno Municipal es cercano al pueblo y es fiel a los ejes rectores de honestidad y transparencia, es por ello que todos los apoyos son entregados a los beneficiarios al 100 por ciento y de manera personal\u201d, dijo.<\/p>\n\n\n\n<p>En representaci\u00f3n de los beneficiarios, la se\u00f1ora Leticia M\u00e9ndez Luna agradeci\u00f3 a la presidenta municipal la entrega puntual del apoyo econ\u00f3mico a todo el sector vulnerable y por el continuo trabajo que est\u00e1 realizando en favor de las personas con discapacidad.<\/p>\n\n\n\n<p>Al evento asistieron el regidor y presidente de la Comisi\u00f3n de Bienestar, Jos\u00e9 Antonio Carbajal Moreno y la directora de Atenci\u00f3n a Grupos Vulnerables y Migrantes, Francia Cristina Ram\u00edrez Estrada.<\/p>\n","protected":false},"excerpt":{"rendered":"<p>Los beneficiarios recibieron el pago cuatrimestral de 2 mil 500 pesos con recurso propio del Ayuntamiento.<\/p>\n","protected":false},"author":1,"featured_media":2568,"comment_status":"closed","ping_status":"closed","sticky":false,"template":"","format":"standard","meta":{"footnotes":""},"categories":[4],"tags":[11],"class_list":["post-2566","post","type-post","status-publish","format-standard","has-post-thumbnail","hentry","category-acapulco","tag-acapulco",""],"_links":{"self":[{"href":"https:\/\/acapulcocity.mx\/index.php\/wp-json\/wp\/v2\/posts\/2566","targetHints":{"allow":["GET"]}}],"collection":[{"href":"https:\/\/acapulcocity.mx\/index.php\/wp-json\/wp\/v2\/posts"}],"about":[{"href":"https:\/\/acapulcocity.mx\/index.php\/wp-json\/wp\/v2\/types\/post"}],"author":[{"embeddable":true,"href":"https:\/\/acapulcocity.mx\/index.php\/wp-json\/wp\/v2\/users\/1"}],"replies":[{"embeddable":true,"href":"https:\/\/acapulcocity.mx\/index.php\/wp-json\/wp\/v2\/comments?post=2566"}],"version-history":[{"count":1,"href":"https:\/\/acapulcocity.mx\/index.php\/wp-json\/wp\/v2\/posts\/2566\/revisions"}],"predecessor-version":[{"id":2569,"href":"https:\/\/acapulcocity.mx\/index.php\/wp-json\/wp\/v2\/posts\/2566\/revisions\/2569"}],"wp:featuredmedia":[{"embeddable":true,"href":"https:\/\/acapulcocity.mx\/index.php\/wp-json\/wp\/v2\/media\/2568"}],"wp:attachment":[{"href":"https:\/\/acapulcocity.mx\/index.php\/wp-json\/wp\/v2\/media?parent=2566"}],"wp:term":[{"taxonomy":"category","embeddable":true,"href":"https:\/\/acapulcocity.mx\/index.php\/wp-json\/wp\/v2\/categories?post=2566"},{"taxonomy":"post_tag","embeddable":true,"href":"https:\/\/acapulcocity.mx\/index.php\/wp-json\/wp\/v2\/tags?post=2566"}],"curies":[{"name":"wp","href":"https:\/\/api.w.org\/{rel}","templated":true}]}}