{"id":2573,"date":"2023-08-13T20:03:25","date_gmt":"2023-08-14T02:03:25","guid":{"rendered":"https:\/\/acapulcocity.mx\/?p=2573"},"modified":"2023-08-13T20:03:25","modified_gmt":"2023-08-14T02:03:25","slug":"miembros-del-snte-preparan-caravana-y-bloqueos-advierte-el-sitem-buscan-cancelar-convocatoria-de-plazas-en-el-tec-de-acapulco","status":"publish","type":"post","link":"https:\/\/acapulcocity.mx\/index.php\/2023\/08\/13\/miembros-del-snte-preparan-caravana-y-bloqueos-advierte-el-sitem-buscan-cancelar-convocatoria-de-plazas-en-el-tec-de-acapulco\/","title":{"rendered":"Miembros del SNTE preparan caravana y bloqueos, advierte el SITEM; buscan cancelar convocatoria de plazas en el Tec de Acapulco"},"content":{"rendered":"\n<p>Roberto Romero \/ AcapulcoCity<\/p>\n\n\n\n<p><strong><em>Acapulco, Guerrero.- <\/em><\/strong>Arist\u00f3teles Mu\u00f1oz, delegado del Sindicato Independiente de Trabajadores de la educaci\u00f3n de M\u00e9xico (SITEM) en Acapulco, advirti\u00f3 en conferencia de prensa sobre los planes de los miembros del Sindicato Nacional de Trabajadores de la Educaci\u00f3n (SNTE), Francisco Zarate P\u00e9rez y su consejero de cabecera Mario Eduardo luna Mois\u00e9s, de realizar un caravana y bloqueos intermitentes para frenar la convocatoria del concurso de plazas del Tecnol\u00f3gico Nacional de M\u00e9xico, Campus Acapulco.<\/p>\n\n\n\n<p>Acus\u00f3 a Francisco Zarate P\u00e9rez y Mario Eduardo luna Mois\u00e9s, de corruptos y quienes llegaron a laborar en la instituci\u00f3n sin cumplir los requerimientos m\u00ednimos, como tener un t\u00edtulo universitario y c\u00e9dula Profesional, adem\u00e1s de no participar en investigaciones y no cumplir con el tiempo de experiencia laboral requerido.<\/p>\n\n\n\n<p>Los mencionados, adem\u00e1s de ostentar las plazas mejor remuneradas del tabulador de manera inmerecida, ser\u00edan responsables de actos de corrupci\u00f3n tales como la asignaci\u00f3n de plazas a terceros no mediante m\u00e9rito profesional sino cobrando cuotas y favores, seg\u00fan Arist\u00f3teles Mu\u00f1oz.<\/p>\n\n\n\n<p>La caravana y los bloqueos intermitentes, organizados por Francisco Zarate P\u00e9rez y Mario Eduardo Luna, est\u00e1n planeadas para suceder este mi\u00e9rcoles 9 de agosto, iniciando en el Tec de Acapulco hasta la Diana Cazadora.<\/p>\n\n\n\n<p>Arist\u00f3teles Mu\u00f1oz, invit\u00f3 a los aspirantes a no desanimarse y asistir a la convocatoria de las 50 plazas vacantes.<\/p>\n","protected":false},"excerpt":{"rendered":"<p>Roberto Romero \/ AcapulcoCity Acapulco, Guerrero.- Arist\u00f3teles Mu\u00f1oz, delegado del Sindicato Independiente de Trabajadores de la educaci\u00f3n de M\u00e9xico (SITEM) en Acapulco, advirti\u00f3 en conferencia de prensa sobre los planes de los miembros del Sindicato Nacional de Trabajadores de la Educaci\u00f3n (SNTE), Francisco Zarate P\u00e9rez y su consejero de cabecera<\/p>\n","protected":false},"author":1,"featured_media":2574,"comment_status":"closed","ping_status":"closed","sticky":false,"template":"","format":"standard","meta":{"footnotes":""},"categories":[4],"tags":[11],"class_list":["post-2573","post","type-post","status-publish","format-standard","has-post-thumbnail","hentry","category-acapulco","tag-acapulco",""],"_links":{"self":[{"href":"https:\/\/acapulcocity.mx\/index.php\/wp-json\/wp\/v2\/posts\/2573","targetHints":{"allow":["GET"]}}],"collection":[{"href":"https:\/\/acapulcocity.mx\/index.php\/wp-json\/wp\/v2\/posts"}],"about":[{"href":"https:\/\/acapulcocity.mx\/index.php\/wp-json\/wp\/v2\/types\/post"}],"author":[{"embeddable":true,"href":"https:\/\/acapulcocity.mx\/index.php\/wp-json\/wp\/v2\/users\/1"}],"replies":[{"embeddable":true,"href":"https:\/\/acapulcocity.mx\/index.php\/wp-json\/wp\/v2\/comments?post=2573"}],"version-history":[{"count":1,"href":"https:\/\/acapulcocity.mx\/index.php\/wp-json\/wp\/v2\/posts\/2573\/revisions"}],"predecessor-version":[{"id":2575,"href":"https:\/\/acapulcocity.mx\/index.php\/wp-json\/wp\/v2\/posts\/2573\/revisions\/2575"}],"wp:featuredmedia":[{"embeddable":true,"href":"https:\/\/acapulcocity.mx\/index.php\/wp-json\/wp\/v2\/media\/2574"}],"wp:attachment":[{"href":"https:\/\/acapulcocity.mx\/index.php\/wp-json\/wp\/v2\/media?parent=2573"}],"wp:term":[{"taxonomy":"category","embeddable":true,"href":"https:\/\/acapulcocity.mx\/index.php\/wp-json\/wp\/v2\/categories?post=2573"},{"taxonomy":"post_tag","embeddable":true,"href":"https:\/\/acapulcocity.mx\/index.php\/wp-json\/wp\/v2\/tags?post=2573"}],"curies":[{"name":"wp","href":"https:\/\/api.w.org\/{rel}","templated":true}]}}