{"id":2576,"date":"2023-08-13T20:05:59","date_gmt":"2023-08-14T02:05:59","guid":{"rendered":"https:\/\/acapulcocity.mx\/?p=2576"},"modified":"2023-08-13T20:05:59","modified_gmt":"2023-08-14T02:05:59","slug":"semarnat-entorpece-proyecto-de-playa-inclusiva-en-manzanillo","status":"publish","type":"post","link":"https:\/\/acapulcocity.mx\/index.php\/2023\/08\/13\/semarnat-entorpece-proyecto-de-playa-inclusiva-en-manzanillo\/","title":{"rendered":"SEMARNAT entorpece proyecto de playa inclusiva en Manzanillo"},"content":{"rendered":"\n<p>Roberto Romero \/ AcapulcoCity<\/p>\n\n\n\n<p><strong><em>Acapulco, Guerrero.-<\/em><\/strong> La presidenta de Acapulco, Abelina L\u00f3pez Rodr\u00edguez, en entrevista posterior a la entrega de ayuda econ\u00f3mica a personas discapacitadas sucedida en la Unidad Deportiva Vicente Suarez, se\u00f1al\u00f3 la falta de cooperaci\u00f3n por parte de la Secretar\u00eda de Medio Ambiente y Recursos Naturales (SEMARNAT) en el proyecto de la playa inclusiva en Manzanillo.<\/p>\n\n\n\n<p>L\u00f3pez Rodr\u00edguez, dijo haber solicitado audiencia por escrito <a><\/a>con la titular de SEMARNAT, Mar\u00eda Luisa Albores Gonz\u00e1lez, desde hace 8 meses y que hasta el momento no ha recibido respuesta alguna, por lo que cuestion\u00f3 la sensibilidad de qui\u00e9n dirige la dependencia del gobierno.<\/p>\n\n\n\n<p>\u201cY a veces encuentra uno resistencia en vez de que ayuden para avanzar, quiz\u00e1s nunca han tenido una discapacidad y lo ven fr\u00edos (\u2026) Yo misma he vivido momentos de discapacidad, gracias a Dios la he podido librar y eso me hace sensible y me parece que las autoridades deber\u00edan ser sensibles en cuanto al tema de discapacidad\u201d, expres\u00f3.<\/p>\n\n\n\n<p>El proyecto, de recibir luz verde por parte de SEMARNAT, estar\u00e1 a cargo del arquitecto Luis Ramos, quien ya est\u00e1 trabajando en los planos para la playa incluyente en Manzanillo, \u00fanica que re\u00fane las condiciones id\u00f3neas para su construcci\u00f3n.<\/p>\n","protected":false},"excerpt":{"rendered":"<p>Roberto Romero \/ AcapulcoCity Acapulco, Guerrero.- La presidenta de Acapulco, Abelina L\u00f3pez Rodr\u00edguez, en entrevista posterior a la entrega de ayuda econ\u00f3mica a personas discapacitadas sucedida en la Unidad Deportiva Vicente Suarez, se\u00f1al\u00f3 la falta de cooperaci\u00f3n por parte de la Secretar\u00eda de Medio Ambiente y Recursos Naturales (SEMARNAT) en<\/p>\n","protected":false},"author":1,"featured_media":2577,"comment_status":"closed","ping_status":"closed","sticky":false,"template":"","format":"standard","meta":{"footnotes":""},"categories":[4],"tags":[11],"class_list":["post-2576","post","type-post","status-publish","format-standard","has-post-thumbnail","hentry","category-acapulco","tag-acapulco",""],"_links":{"self":[{"href":"https:\/\/acapulcocity.mx\/index.php\/wp-json\/wp\/v2\/posts\/2576","targetHints":{"allow":["GET"]}}],"collection":[{"href":"https:\/\/acapulcocity.mx\/index.php\/wp-json\/wp\/v2\/posts"}],"about":[{"href":"https:\/\/acapulcocity.mx\/index.php\/wp-json\/wp\/v2\/types\/post"}],"author":[{"embeddable":true,"href":"https:\/\/acapulcocity.mx\/index.php\/wp-json\/wp\/v2\/users\/1"}],"replies":[{"embeddable":true,"href":"https:\/\/acapulcocity.mx\/index.php\/wp-json\/wp\/v2\/comments?post=2576"}],"version-history":[{"count":1,"href":"https:\/\/acapulcocity.mx\/index.php\/wp-json\/wp\/v2\/posts\/2576\/revisions"}],"predecessor-version":[{"id":2578,"href":"https:\/\/acapulcocity.mx\/index.php\/wp-json\/wp\/v2\/posts\/2576\/revisions\/2578"}],"wp:featuredmedia":[{"embeddable":true,"href":"https:\/\/acapulcocity.mx\/index.php\/wp-json\/wp\/v2\/media\/2577"}],"wp:attachment":[{"href":"https:\/\/acapulcocity.mx\/index.php\/wp-json\/wp\/v2\/media?parent=2576"}],"wp:term":[{"taxonomy":"category","embeddable":true,"href":"https:\/\/acapulcocity.mx\/index.php\/wp-json\/wp\/v2\/categories?post=2576"},{"taxonomy":"post_tag","embeddable":true,"href":"https:\/\/acapulcocity.mx\/index.php\/wp-json\/wp\/v2\/tags?post=2576"}],"curies":[{"name":"wp","href":"https:\/\/api.w.org\/{rel}","templated":true}]}}