{"id":2887,"date":"2023-09-18T15:15:21","date_gmt":"2023-09-18T21:15:21","guid":{"rendered":"https:\/\/acapulcocity.mx\/?p=2887"},"modified":"2023-09-18T15:15:21","modified_gmt":"2023-09-18T21:15:21","slug":"ceteg-toma-oficinas-de-juzgados-en-caleta-y-urgen-a-evelyn-salgado-de-solucion-a-crisis-de-horas-impagadas","status":"publish","type":"post","link":"https:\/\/acapulcocity.mx\/index.php\/2023\/09\/18\/ceteg-toma-oficinas-de-juzgados-en-caleta-y-urgen-a-evelyn-salgado-de-solucion-a-crisis-de-horas-impagadas\/","title":{"rendered":"CETEG toma oficinas de juzgados en Caleta y urgen a Evelyn Salgado de soluci\u00f3n a crisis de horas impagadas"},"content":{"rendered":"\n<p>Roberto Romero \/ AcapulcoCity<\/p>\n\n\n\n<p><strong><em>Acapulco, Guerrero.- <\/em><\/strong>Esta ma\u00f1ana miembros de la Coordinadora Estatal de Trabajadores de la Educaci\u00f3n en Guerrero (CETEG) tomaron las oficinas de los Juzgados Civiles y Familiares del Estado, en muestra de rechazo a la propuesta del secretario de educaci\u00f3n en el estado Marcial Rodr\u00edguez Salda\u00f1a de poner a concurso 1000 horas para profesores.<\/p>\n\n\n\n<p>Walter Emanuel A\u00f1orve <a><\/a>Rodr\u00edguez, Responsable de la Comisi\u00f3n Pol\u00edtica de la CETEG en la Regi\u00f3n Acapulco, manifest\u00f3 en entrevista el disgusto del sindicato puesto que entre sus filas hay algunos profesores que llevan cubriendo horas a nivel secundario de manera gratuita por m\u00e1s de 10 a\u00f1os, juntando entre todos cerca de 20 mil horas no remuneradas.<\/p>\n\n\n\n<p>Aunque desconocen cu\u00e1l ser\u00e1 la din\u00e1mica del concurso, consideran que sus compa\u00f1eros que llevan cubriendo m\u00e1s tiempo deber\u00edan ser los principales favorecidos por las 1000 horas, afirm\u00f3.<\/p>\n\n\n\n<p>Hizo un llamado urgente a la gobernadora del estado Evelyn Salgado Pineda para revise la situaci\u00f3n y de justicia a los trabajadores, de lo contrario asegur\u00f3 que la CETEG optar\u00e1n por restringir el acceso a todos los centros de trabajo.<\/p>\n\n\n\n<p>Sobre los continuos casos de escuelas que tienen carencia de profesores, sugiri\u00f3 que posiblemente la Secretar\u00eda de Educaci\u00f3n del Estado y la USICAMM est\u00e1n escondiendo vacancias por motivos no esclarecidos.<\/p>\n\n\n\n<p>Por el momento se encuentran negociando una mesa de trabajo con el secretario de educaci\u00f3n con la esperanza de dar soluci\u00f3n a sus peticiones.<\/p>\n","protected":false},"excerpt":{"rendered":"<p>Roberto Romero \/ AcapulcoCity Acapulco, Guerrero.- Esta ma\u00f1ana miembros de la Coordinadora Estatal de Trabajadores de la Educaci\u00f3n en Guerrero (CETEG) tomaron las oficinas de los Juzgados Civiles y Familiares del Estado, en muestra de rechazo a la propuesta del secretario de educaci\u00f3n en el estado Marcial Rodr\u00edguez Salda\u00f1a de<\/p>\n","protected":false},"author":1,"featured_media":2888,"comment_status":"closed","ping_status":"closed","sticky":false,"template":"","format":"standard","meta":{"footnotes":""},"categories":[4],"tags":[11],"class_list":["post-2887","post","type-post","status-publish","format-standard","has-post-thumbnail","hentry","category-acapulco","tag-acapulco",""],"_links":{"self":[{"href":"https:\/\/acapulcocity.mx\/index.php\/wp-json\/wp\/v2\/posts\/2887","targetHints":{"allow":["GET"]}}],"collection":[{"href":"https:\/\/acapulcocity.mx\/index.php\/wp-json\/wp\/v2\/posts"}],"about":[{"href":"https:\/\/acapulcocity.mx\/index.php\/wp-json\/wp\/v2\/types\/post"}],"author":[{"embeddable":true,"href":"https:\/\/acapulcocity.mx\/index.php\/wp-json\/wp\/v2\/users\/1"}],"replies":[{"embeddable":true,"href":"https:\/\/acapulcocity.mx\/index.php\/wp-json\/wp\/v2\/comments?post=2887"}],"version-history":[{"count":1,"href":"https:\/\/acapulcocity.mx\/index.php\/wp-json\/wp\/v2\/posts\/2887\/revisions"}],"predecessor-version":[{"id":2889,"href":"https:\/\/acapulcocity.mx\/index.php\/wp-json\/wp\/v2\/posts\/2887\/revisions\/2889"}],"wp:featuredmedia":[{"embeddable":true,"href":"https:\/\/acapulcocity.mx\/index.php\/wp-json\/wp\/v2\/media\/2888"}],"wp:attachment":[{"href":"https:\/\/acapulcocity.mx\/index.php\/wp-json\/wp\/v2\/media?parent=2887"}],"wp:term":[{"taxonomy":"category","embeddable":true,"href":"https:\/\/acapulcocity.mx\/index.php\/wp-json\/wp\/v2\/categories?post=2887"},{"taxonomy":"post_tag","embeddable":true,"href":"https:\/\/acapulcocity.mx\/index.php\/wp-json\/wp\/v2\/tags?post=2887"}],"curies":[{"name":"wp","href":"https:\/\/api.w.org\/{rel}","templated":true}]}}