{"id":2890,"date":"2023-09-18T15:17:33","date_gmt":"2023-09-18T21:17:33","guid":{"rendered":"https:\/\/acapulcocity.mx\/?p=2890"},"modified":"2023-09-18T15:17:33","modified_gmt":"2023-09-18T21:17:33","slug":"invitan-a-participar-en-el-segundo-simulacro-nacional-2023","status":"publish","type":"post","link":"https:\/\/acapulcocity.mx\/index.php\/2023\/09\/18\/invitan-a-participar-en-el-segundo-simulacro-nacional-2023\/","title":{"rendered":"Invitan a participar en el Segundo Simulacro Nacional 2023"},"content":{"rendered":"\n<p><strong><em>Acapulco, Guerrero.- <\/em><\/strong>Con el objetivo de fomentar la cultura de protecci\u00f3n civil en la poblaci\u00f3n, el Gobierno Municipal que encabeza Abelina L\u00f3pez Rodr\u00edguez, a trav\u00e9s de la Coordinaci\u00f3n General de Protecci\u00f3n Civil y Bomberos, invita a la poblaci\u00f3n a participar en el Segundo Simulacro Nacional 2023, el cual se llevar\u00e1 a cabo el 19 de septiembre a las 11 horas.<\/p>\n\n\n\n<p>En conferencia de prensa, el titular de la dependencia, Efr\u00e9n Vald\u00e9s Ram\u00edrez, inform\u00f3 que ma\u00f1ana a las 11:00 horas sonar\u00e1n las alarmas s\u00edsmicas y que en este ejercicio se tendr\u00e1 una hip\u00f3tesis de un sismo de 8 grados de magnitud en la escala de Richter con epicentro en Acapulco, Guerrero.<\/p>\n\n\n\n<p>Detall\u00f3 que estar\u00e1n participando alrededor de 40 mil personas y 700 inmuebles y que, de manera simult\u00e1nea, se realizar\u00e1 en todas las oficinas del Ayuntamiento de Acapulco, instituciones educativas, centros comerciales y dependencias de los tres \u00f3rdenes de gobierno.<\/p>\n\n\n\n<p>\u201cConvocarlos a que nos acompa\u00f1en en punto de las 11 de la ma\u00f1ana, se har\u00e1n los ejercicios necesarios por parte de las dependencias que participaremos que son la Coordinaci\u00f3n General de Protecci\u00f3n Civil, el Ej\u00e9rcito, la Marina, la Secretar\u00eda de Seguridad Publica y todos los cuerpos y las fuerzas armadas que son necesarias\u201d, dijo.<\/p>\n\n\n\n<p>La plaza comercial \u201cGaler\u00edas Diana Acapulco\u201d ser\u00e1 la sede principal del simulacro y como lugares alternos se asign\u00f3 el Hotel Copacabana, la guarder\u00eda \u201cEl Abaco&#8221;, la tienda departamental \u201cHome Depot\u201d, las oficinas del SAT y la Central de Autobuses \u201cEstrella de Oro\u201d.<\/p>\n\n\n\n<p>Como parte del ejercicio preventivo, habr\u00e1 movimiento de unidades de rescate como ambulancias y patrullas en toda la ciudad, por lo que el Gobierno Municipal exhorta a la poblaci\u00f3n a sumarse a estas actividades con las que se fomenta la cultura de la protecci\u00f3n civil .<\/p>\n\n\n\n<p>En el simulacro participar\u00e1 personal de la Secretar\u00eda de la Defensa Nacional, de la Secretar\u00eda de Marina, Secretar\u00eda de Seguridad Publica, as\u00ed como de la Coordinaci\u00f3n General de Protecci\u00f3n Civil y Bomberos; adem\u00e1s de Unidades Internas de Protecci\u00f3n Civil de los<br>diversos establecimientos y dependencias.<\/p>\n\n\n\n<p>En la conferencia estuvieron representantes de la Marina, la gerente de Galer\u00edas Diana Acapulco, Graciela Sanchez y directores de la Coordinaci\u00f3n General de Protecci\u00f3n Civil y Bomberos.<\/p>\n","protected":false},"excerpt":{"rendered":"<p>Acapulco, Guerrero.- Con el objetivo de fomentar la cultura de protecci\u00f3n civil en la poblaci\u00f3n, el Gobierno Municipal que encabeza Abelina L\u00f3pez Rodr\u00edguez, a trav\u00e9s de la Coordinaci\u00f3n General de Protecci\u00f3n Civil y Bomberos, invita a la poblaci\u00f3n a participar en el Segundo Simulacro Nacional 2023, el cual se llevar\u00e1<\/p>\n","protected":false},"author":1,"featured_media":2891,"comment_status":"closed","ping_status":"closed","sticky":false,"template":"","format":"standard","meta":{"footnotes":""},"categories":[4],"tags":[11],"class_list":["post-2890","post","type-post","status-publish","format-standard","has-post-thumbnail","hentry","category-acapulco","tag-acapulco",""],"_links":{"self":[{"href":"https:\/\/acapulcocity.mx\/index.php\/wp-json\/wp\/v2\/posts\/2890","targetHints":{"allow":["GET"]}}],"collection":[{"href":"https:\/\/acapulcocity.mx\/index.php\/wp-json\/wp\/v2\/posts"}],"about":[{"href":"https:\/\/acapulcocity.mx\/index.php\/wp-json\/wp\/v2\/types\/post"}],"author":[{"embeddable":true,"href":"https:\/\/acapulcocity.mx\/index.php\/wp-json\/wp\/v2\/users\/1"}],"replies":[{"embeddable":true,"href":"https:\/\/acapulcocity.mx\/index.php\/wp-json\/wp\/v2\/comments?post=2890"}],"version-history":[{"count":1,"href":"https:\/\/acapulcocity.mx\/index.php\/wp-json\/wp\/v2\/posts\/2890\/revisions"}],"predecessor-version":[{"id":2892,"href":"https:\/\/acapulcocity.mx\/index.php\/wp-json\/wp\/v2\/posts\/2890\/revisions\/2892"}],"wp:featuredmedia":[{"embeddable":true,"href":"https:\/\/acapulcocity.mx\/index.php\/wp-json\/wp\/v2\/media\/2891"}],"wp:attachment":[{"href":"https:\/\/acapulcocity.mx\/index.php\/wp-json\/wp\/v2\/media?parent=2890"}],"wp:term":[{"taxonomy":"category","embeddable":true,"href":"https:\/\/acapulcocity.mx\/index.php\/wp-json\/wp\/v2\/categories?post=2890"},{"taxonomy":"post_tag","embeddable":true,"href":"https:\/\/acapulcocity.mx\/index.php\/wp-json\/wp\/v2\/tags?post=2890"}],"curies":[{"name":"wp","href":"https:\/\/api.w.org\/{rel}","templated":true}]}}