{"id":2893,"date":"2023-09-18T15:25:20","date_gmt":"2023-09-18T21:25:20","guid":{"rendered":"https:\/\/acapulcocity.mx\/?p=2893"},"modified":"2023-09-18T15:26:32","modified_gmt":"2023-09-18T21:26:32","slug":"locatarios-piden-ser-tomados-en-cuenta-en-planeacion-del-mercado-central","status":"publish","type":"post","link":"https:\/\/acapulcocity.mx\/index.php\/2023\/09\/18\/locatarios-piden-ser-tomados-en-cuenta-en-planeacion-del-mercado-central\/","title":{"rendered":"Locatarios piden ser tomados en cuenta en planeaci\u00f3n del Mercado Central"},"content":{"rendered":"\n<p>Roberto Romero \/ AcapulcoCity<\/p>\n\n\n\n<p><strong><em>Acapulco, Guerrero.- <\/em><\/strong>En conferencia de prensa llevada a cabo en el Z\u00f3calo, locatarios del Mercado Central de Acapulco, consumido por las llamas el 5 de junio, pidieron una reuni\u00f3n con el gobierno municipal y estatal para que sus necesidades sean escuchadas en la planeaci\u00f3n de la nave mayor.<\/p>\n\n\n\n<p>Mar\u00eda del Carmen Gonz\u00e1lez Rom\u00e1n, locataria del mercado central, asegur\u00f3 que en algunos medios informativos fueron publicadas algunas maquetas de lo que supuestamente ser\u00eda la nueva fachada del mercado; lejos de alegrarse la preocupaci\u00f3n se hizo presente al notar que no hab\u00edan sido escuchadas sus peticiones.<\/p>\n\n\n\n<p>Mencion\u00f3 que el municipio ha sido el \u00fanico en atenderlos desde el siniestro y que Abelina en persona les ha prometido ayuda desde el primer d\u00eda del desastre, pero que las maquetas vistas no reflejan sus necesidades ya que ellos requieren de un techo de m\u00e1s de 10 metros de altura, m\u00e1s puertas para permitir ventilaci\u00f3n y descartan la propuesta de los estacionamientos subterr\u00e1neos y sobre el inmueble.<\/p>\n\n\n\n<p>Marco Carraza, locatario del mercado central, subray\u00f3 que no es intenci\u00f3n del gremio imponer nada sino m\u00e1s bien trabajar en conjunto con los responsables de la obra, asimismo pidi\u00f3 que en los planos futuros se respete la cantidad de locales actuales &#8220;ni uno m\u00e1s y ni uno menos&#8221; pues temen que al haber mayor n\u00famero las dimensiones de cada comercio disminuya.<\/p>\n\n\n\n<p>Tambi\u00e9n inst\u00f3 al gobierno del estado a ponerse de acuerdo y actuar respecto a unos supuestos 50 millones de pesos en presupuesto, pues de lo contrario la construcci\u00f3n podr\u00eda demorarse hasta dos a\u00f1os; situaci\u00f3n indeseable para los comerciantes que apenas logran vender el 80 porciento o nada de su mercanc\u00eda bajo tales condiciones.<\/p>\n","protected":false},"excerpt":{"rendered":"<p>Roberto Romero \/ AcapulcoCity Acapulco, Guerrero.- En conferencia de prensa llevada a cabo en el Z\u00f3calo, locatarios del Mercado Central de Acapulco, consumido por las llamas el 5 de junio, pidieron una reuni\u00f3n con el gobierno municipal y estatal para que sus necesidades sean escuchadas en la planeaci\u00f3n de la<\/p>\n","protected":false},"author":1,"featured_media":2894,"comment_status":"closed","ping_status":"closed","sticky":false,"template":"","format":"standard","meta":{"footnotes":""},"categories":[4],"tags":[11],"class_list":["post-2893","post","type-post","status-publish","format-standard","has-post-thumbnail","hentry","category-acapulco","tag-acapulco",""],"_links":{"self":[{"href":"https:\/\/acapulcocity.mx\/index.php\/wp-json\/wp\/v2\/posts\/2893","targetHints":{"allow":["GET"]}}],"collection":[{"href":"https:\/\/acapulcocity.mx\/index.php\/wp-json\/wp\/v2\/posts"}],"about":[{"href":"https:\/\/acapulcocity.mx\/index.php\/wp-json\/wp\/v2\/types\/post"}],"author":[{"embeddable":true,"href":"https:\/\/acapulcocity.mx\/index.php\/wp-json\/wp\/v2\/users\/1"}],"replies":[{"embeddable":true,"href":"https:\/\/acapulcocity.mx\/index.php\/wp-json\/wp\/v2\/comments?post=2893"}],"version-history":[{"count":2,"href":"https:\/\/acapulcocity.mx\/index.php\/wp-json\/wp\/v2\/posts\/2893\/revisions"}],"predecessor-version":[{"id":2896,"href":"https:\/\/acapulcocity.mx\/index.php\/wp-json\/wp\/v2\/posts\/2893\/revisions\/2896"}],"wp:featuredmedia":[{"embeddable":true,"href":"https:\/\/acapulcocity.mx\/index.php\/wp-json\/wp\/v2\/media\/2894"}],"wp:attachment":[{"href":"https:\/\/acapulcocity.mx\/index.php\/wp-json\/wp\/v2\/media?parent=2893"}],"wp:term":[{"taxonomy":"category","embeddable":true,"href":"https:\/\/acapulcocity.mx\/index.php\/wp-json\/wp\/v2\/categories?post=2893"},{"taxonomy":"post_tag","embeddable":true,"href":"https:\/\/acapulcocity.mx\/index.php\/wp-json\/wp\/v2\/tags?post=2893"}],"curies":[{"name":"wp","href":"https:\/\/api.w.org\/{rel}","templated":true}]}}