{"id":2900,"date":"2023-09-23T17:04:46","date_gmt":"2023-09-23T23:04:46","guid":{"rendered":"https:\/\/acapulcocity.mx\/?p=2900"},"modified":"2023-09-23T17:04:46","modified_gmt":"2023-09-23T23:04:46","slug":"estudiantes-del-tecnologico-de-san-marcos-inician-brigadas-comunitarias","status":"publish","type":"post","link":"https:\/\/acapulcocity.mx\/index.php\/2023\/09\/23\/estudiantes-del-tecnologico-de-san-marcos-inician-brigadas-comunitarias\/","title":{"rendered":"Estudiantes del Tecnol\u00f3gico de San Marcos inician brigadas comunitarias"},"content":{"rendered":"\n<p><strong><em>Acapulco, Guerrero.-<\/em><\/strong> Estudiantes del Tecnol\u00f3gico Nacional de M\u00e9xico campus San Marcos comenzaron las brigadas de servicio social comunitario, con el fin de dar asistencia a los habitantes de las distintas comunidades de esa ciudad de la regi\u00f3n Costa Chica.<\/p>\n\n\n\n<p>Durante estas jornadas los estudiantes de la carrera de Ingenier\u00eda en Inform\u00e1tica, <a><\/a>dar\u00e1n mantenimiento preventivo y correctivo a equipos de c\u00f3mputo y electrodom\u00e9sticos de los sanmarque\u00f1os, y as\u00ed generar un v\u00ednculo entre la poblaci\u00f3n y el Tecnol\u00f3gico de San Marcos.<\/p>\n\n\n\n<p>El director del plantel, V\u00edctor Hugo Agat\u00f3n Catal\u00e1n explic\u00f3 que estas actividades iniciaron en el z\u00f3calo de San Marcos y se visitar\u00e1n las comunidades de Las Vigas, El Cortes y Llano de la Puerta.<\/p>\n\n\n\n<p>\u201cEs el acercamiento a la sociedad y que nuestros estudiantes a trav\u00e9s de su conocimiento aporten un granito de arena a las econom\u00edas de la sociedad, en la reparaci\u00f3n de electrodom\u00e9sticos y equipo de c\u00f3mputo\u201d, explic\u00f3 Agat\u00f3n Catal\u00e1n.<\/p>\n\n\n\n<p>Puntualiz\u00f3 que espera que las brigadas tengan \u00e9xito y se puedan acudir a m\u00e1s comunidad para dar asistencia social.<\/p>\n","protected":false},"excerpt":{"rendered":"<p>Acapulco, Guerrero.- Estudiantes del Tecnol\u00f3gico Nacional de M\u00e9xico campus San Marcos comenzaron las brigadas de servicio social comunitario, con el fin de dar asistencia a los habitantes de las distintas comunidades de esa ciudad de la regi\u00f3n Costa Chica. Durante estas jornadas los estudiantes de la carrera de Ingenier\u00eda en<\/p>\n","protected":false},"author":1,"featured_media":2901,"comment_status":"closed","ping_status":"closed","sticky":false,"template":"","format":"standard","meta":{"footnotes":""},"categories":[4],"tags":[11],"class_list":["post-2900","post","type-post","status-publish","format-standard","has-post-thumbnail","hentry","category-acapulco","tag-acapulco",""],"_links":{"self":[{"href":"https:\/\/acapulcocity.mx\/index.php\/wp-json\/wp\/v2\/posts\/2900","targetHints":{"allow":["GET"]}}],"collection":[{"href":"https:\/\/acapulcocity.mx\/index.php\/wp-json\/wp\/v2\/posts"}],"about":[{"href":"https:\/\/acapulcocity.mx\/index.php\/wp-json\/wp\/v2\/types\/post"}],"author":[{"embeddable":true,"href":"https:\/\/acapulcocity.mx\/index.php\/wp-json\/wp\/v2\/users\/1"}],"replies":[{"embeddable":true,"href":"https:\/\/acapulcocity.mx\/index.php\/wp-json\/wp\/v2\/comments?post=2900"}],"version-history":[{"count":1,"href":"https:\/\/acapulcocity.mx\/index.php\/wp-json\/wp\/v2\/posts\/2900\/revisions"}],"predecessor-version":[{"id":2902,"href":"https:\/\/acapulcocity.mx\/index.php\/wp-json\/wp\/v2\/posts\/2900\/revisions\/2902"}],"wp:featuredmedia":[{"embeddable":true,"href":"https:\/\/acapulcocity.mx\/index.php\/wp-json\/wp\/v2\/media\/2901"}],"wp:attachment":[{"href":"https:\/\/acapulcocity.mx\/index.php\/wp-json\/wp\/v2\/media?parent=2900"}],"wp:term":[{"taxonomy":"category","embeddable":true,"href":"https:\/\/acapulcocity.mx\/index.php\/wp-json\/wp\/v2\/categories?post=2900"},{"taxonomy":"post_tag","embeddable":true,"href":"https:\/\/acapulcocity.mx\/index.php\/wp-json\/wp\/v2\/tags?post=2900"}],"curies":[{"name":"wp","href":"https:\/\/api.w.org\/{rel}","templated":true}]}}