{"id":3062,"date":"2023-10-08T10:52:14","date_gmt":"2023-10-08T16:52:14","guid":{"rendered":"https:\/\/acapulcocity.mx\/?p=3062"},"modified":"2023-10-08T10:52:14","modified_gmt":"2023-10-08T16:52:14","slug":"se-forma-la-depresion-tropical-16-frente-a-guerrero","status":"publish","type":"post","link":"https:\/\/acapulcocity.mx\/index.php\/2023\/10\/08\/se-forma-la-depresion-tropical-16-frente-a-guerrero\/","title":{"rendered":"Se forma la Depresi\u00f3n Tropical 16 frente a Guerrero"},"content":{"rendered":"\n<p><strong><em>Acapulco, Guerrero.-<\/em><\/strong> El gobierno que encabeza la Presidenta Municipal, Abelina L\u00f3pez Rodr\u00edguez, informa a la poblaci\u00f3n que se ha formado la depresi\u00f3n tropical n\u00famero 16 frente a las costas del estado de Guerrero.<\/p>\n\n\n\n<p>De acuerdo con la Coordinaci\u00f3n General de Protecci\u00f3n Civil y Bomberos, este sistema se localiza a 340 Kil\u00f3metros al sursureste de Acapulco. Por lo cual se registran lluvias en distintas zonas del municipio, <a><\/a>como Santa Cruz, Jard\u00edn, Mozimba, Palomares, Palma Sola, entre otras.<\/p>\n\n\n\n<p>El Gobierno Municipal que preside Abelina L\u00f3pez Rodr\u00edguez pone a disposici\u00f3n de la poblaci\u00f3n la informaci\u00f3n sobre los refugios temporales a trav\u00e9s de la siguiente direcci\u00f3n: <a href=\"https:\/\/acapulco.gob.mx\/refugios-temporales\/?fbclid=IwAR1_tQRecyXku5gss4VzpUODrLWwuNj5YGwxzua_EtN5AlqYZ4zDwn5MK5k\" rel=\"noreferrer noopener\" target=\"_blank\">https:\/\/acapulco.gob.mx\/refugios-temporales\/<\/a><\/p>\n\n\n\n<p>Asimismo, se hace exhorta a la poblaci\u00f3n a mantenerse al pendiente de los avisos a trav\u00e9s de los canales oficiales y, en caso de emergencia, comunicarse a las l\u00edneas telef\u00f3nicas 911 y 072, as\u00ed como los n\u00fameros de Protecci\u00f3n Civil: 7444844123, 7444407031 y 7444856170.<\/p>\n\n\n\n<p><a href=\"https:\/\/www.facebook.com\/photo\/?fbid=844310463807628&amp;set=a.604686687770008&amp;__cft__[0]=AZVlo6Nq___DTuAZ0gcRiEClsbI8SvJP-egS61ERxs_hXrYO32gflfsZV4FKiePPK2Z3tt2ZflvJ7wJTj7ewGCF4mbqLnNRJuVaCJRAS22AlQv55xSOwMYIFmEXVqJl8xRpq8XGuv1PetCo_3JwQ0bjE_6p4AHC8rsi5h3uJrG6849tmDgSklSKVmIT6a-6Rc7M&amp;__tn__=EH-R\"><\/a><\/p>\n\n\n<div class=\"wp-block-image\">\n<figure class=\"aligncenter\"><a href=\"https:\/\/www.facebook.com\/photo\/?fbid=844310463807628&amp;set=a.604686687770008&amp;__cft__[0]=AZVlo6Nq___DTuAZ0gcRiEClsbI8SvJP-egS61ERxs_hXrYO32gflfsZV4FKiePPK2Z3tt2ZflvJ7wJTj7ewGCF4mbqLnNRJuVaCJRAS22AlQv55xSOwMYIFmEXVqJl8xRpq8XGuv1PetCo_3JwQ0bjE_6p4AHC8rsi5h3uJrG6849tmDgSklSKVmIT6a-6Rc7M&amp;__tn__=EH-R\"><img decoding=\"async\" src=\"https:\/\/scontent.faca1-1.fna.fbcdn.net\/v\/t39.30808-6\/382753877_844310460474295_6140096065376114071_n.jpg?_nc_cat=108&amp;ccb=1-7&amp;_nc_sid=5614bc&amp;_nc_eui2=AeEsebaHudpMdZkgf9QMs2eWFBPVFTb2XkUUE9UVNvZeRQFs8vz2LelNSqWluA6PaGCaLakOLC0fHEydmv-lVDID&amp;_nc_ohc=4KYRWw40fKQAX_XTVN7&amp;_nc_ht=scontent.faca1-1.fna&amp;oh=00_AfALS21xfWvopDL9l5KoLGqwfAxG_V8ZtJVun6NYCoYsGQ&amp;oe=65270707\" alt=\"Puede ser una imagen de \u200emapa, tornado y \u200etexto que dice &quot;\u200eATLANTIC OUTLOOK LIDIA \u0648 SIXTEEN x\u200e&quot;\u200e\u200e\"\/><\/a><\/figure>\n<\/div>\n\n\n<p><\/p>\n","protected":false},"excerpt":{"rendered":"<p>Acapulco, Guerrero.- El gobierno que encabeza la Presidenta Municipal, Abelina L\u00f3pez Rodr\u00edguez, informa a la poblaci\u00f3n que se ha formado la depresi\u00f3n tropical n\u00famero 16 frente a las costas del estado de Guerrero. De acuerdo con la Coordinaci\u00f3n General de Protecci\u00f3n Civil y Bomberos, este sistema se localiza a 340<\/p>\n","protected":false},"author":1,"featured_media":3063,"comment_status":"closed","ping_status":"closed","sticky":false,"template":"","format":"standard","meta":{"footnotes":""},"categories":[5],"tags":[2],"class_list":["post-3062","post","type-post","status-publish","format-standard","has-post-thumbnail","hentry","category-guerrero","tag-guerrero",""],"_links":{"self":[{"href":"https:\/\/acapulcocity.mx\/index.php\/wp-json\/wp\/v2\/posts\/3062","targetHints":{"allow":["GET"]}}],"collection":[{"href":"https:\/\/acapulcocity.mx\/index.php\/wp-json\/wp\/v2\/posts"}],"about":[{"href":"https:\/\/acapulcocity.mx\/index.php\/wp-json\/wp\/v2\/types\/post"}],"author":[{"embeddable":true,"href":"https:\/\/acapulcocity.mx\/index.php\/wp-json\/wp\/v2\/users\/1"}],"replies":[{"embeddable":true,"href":"https:\/\/acapulcocity.mx\/index.php\/wp-json\/wp\/v2\/comments?post=3062"}],"version-history":[{"count":1,"href":"https:\/\/acapulcocity.mx\/index.php\/wp-json\/wp\/v2\/posts\/3062\/revisions"}],"predecessor-version":[{"id":3064,"href":"https:\/\/acapulcocity.mx\/index.php\/wp-json\/wp\/v2\/posts\/3062\/revisions\/3064"}],"wp:featuredmedia":[{"embeddable":true,"href":"https:\/\/acapulcocity.mx\/index.php\/wp-json\/wp\/v2\/media\/3063"}],"wp:attachment":[{"href":"https:\/\/acapulcocity.mx\/index.php\/wp-json\/wp\/v2\/media?parent=3062"}],"wp:term":[{"taxonomy":"category","embeddable":true,"href":"https:\/\/acapulcocity.mx\/index.php\/wp-json\/wp\/v2\/categories?post=3062"},{"taxonomy":"post_tag","embeddable":true,"href":"https:\/\/acapulcocity.mx\/index.php\/wp-json\/wp\/v2\/tags?post=3062"}],"curies":[{"name":"wp","href":"https:\/\/api.w.org\/{rel}","templated":true}]}}