{"id":3142,"date":"2023-10-21T16:36:38","date_gmt":"2023-10-21T22:36:38","guid":{"rendered":"https:\/\/acapulcocity.mx\/?p=3142"},"modified":"2023-10-21T16:36:39","modified_gmt":"2023-10-21T22:36:39","slug":"no-se-ha-atendido-a-acapulco-como-debe-ser-reconoce-salud-estatal","status":"publish","type":"post","link":"https:\/\/acapulcocity.mx\/index.php\/2023\/10\/21\/no-se-ha-atendido-a-acapulco-como-debe-ser-reconoce-salud-estatal\/","title":{"rendered":"&#8220;No se ha atendido a Acapulco como debe ser&#8221;, reconoce Salud Estatal"},"content":{"rendered":"\n<p><strong><em>Acapulco, Guerrero.- <\/em><\/strong>La secretaria de Salud Estatal, Aid\u00e9 Ibarez Castro, admiti\u00f3 que no le ha prestado al puerto de Acapulco la atenci\u00f3n requerida y justific\u00f3 que se debe a que ha dado prioridad a otras regiones del estado de Guerrero.<\/p>\n\n\n\n<blockquote class=\"wp-block-quote is-layout-flow wp-block-quote-is-layout-flow\">\n<p><em>\u201cEs verdad no he atendido a Acapulco como debe de ser como secretaria de salud porque he estado en los lugares m\u00e1s abandonados de todas las comunidades, he estado en la sierra, en monta\u00f1a, en las costas en las zonas centros, en la zona norte y es muy triste ver que los guerrerenses hemos estado abandonados mucho, mucho tiempo con respecto a la salud&#8221;, dijo.<\/em><\/p>\n<\/blockquote>\n\n\n\n<p>Inform\u00f3 que Guerrero reporta al momento mil 396 casos confirmados de dengue, de los cuales 62 ser\u00edan \u201ccomplicados\u201d y que se sabe de al menos 7 defunciones por esta enfermedad transmitida por la picadura del mosquito.<\/p>\n\n\n\n<p>Coment\u00f3 que requieren que \u201clas secciones de las colonias nos est\u00e9n notificando si necesitan la fumigaci\u00f3n pues porque Acapulco es muy grande\u201d, aunque ha sido documentado en varias ocasiones por la prensa que Zapata y Renacimiento son las m\u00e1s afectadas por esta epidemia.<\/p>\n\n\n\n<p>A pesar de que los propios lugare\u00f1os de Renacimiento mencionan que no han visto brigadas de fumigaci\u00f3n ni descacharizaci\u00f3n del gobierno del estado, Aid\u00e9 Ibarez asegur\u00f3 que s\u00ed han estado en el \u00e1rea.<\/p>\n","protected":false},"excerpt":{"rendered":"<p>Acapulco, Guerrero.- La secretaria de Salud Estatal, Aid\u00e9 Ibarez Castro, admiti\u00f3 que no le ha prestado al puerto de Acapulco la atenci\u00f3n requerida y justific\u00f3 que se debe a que ha dado prioridad a otras regiones del estado de Guerrero. \u201cEs verdad no he atendido a Acapulco como debe de<\/p>\n","protected":false},"author":1,"featured_media":3145,"comment_status":"closed","ping_status":"closed","sticky":false,"template":"","format":"standard","meta":{"footnotes":""},"categories":[4],"tags":[11],"class_list":["post-3142","post","type-post","status-publish","format-standard","has-post-thumbnail","hentry","category-acapulco","tag-acapulco",""],"_links":{"self":[{"href":"https:\/\/acapulcocity.mx\/index.php\/wp-json\/wp\/v2\/posts\/3142","targetHints":{"allow":["GET"]}}],"collection":[{"href":"https:\/\/acapulcocity.mx\/index.php\/wp-json\/wp\/v2\/posts"}],"about":[{"href":"https:\/\/acapulcocity.mx\/index.php\/wp-json\/wp\/v2\/types\/post"}],"author":[{"embeddable":true,"href":"https:\/\/acapulcocity.mx\/index.php\/wp-json\/wp\/v2\/users\/1"}],"replies":[{"embeddable":true,"href":"https:\/\/acapulcocity.mx\/index.php\/wp-json\/wp\/v2\/comments?post=3142"}],"version-history":[{"count":1,"href":"https:\/\/acapulcocity.mx\/index.php\/wp-json\/wp\/v2\/posts\/3142\/revisions"}],"predecessor-version":[{"id":3147,"href":"https:\/\/acapulcocity.mx\/index.php\/wp-json\/wp\/v2\/posts\/3142\/revisions\/3147"}],"wp:featuredmedia":[{"embeddable":true,"href":"https:\/\/acapulcocity.mx\/index.php\/wp-json\/wp\/v2\/media\/3145"}],"wp:attachment":[{"href":"https:\/\/acapulcocity.mx\/index.php\/wp-json\/wp\/v2\/media?parent=3142"}],"wp:term":[{"taxonomy":"category","embeddable":true,"href":"https:\/\/acapulcocity.mx\/index.php\/wp-json\/wp\/v2\/categories?post=3142"},{"taxonomy":"post_tag","embeddable":true,"href":"https:\/\/acapulcocity.mx\/index.php\/wp-json\/wp\/v2\/tags?post=3142"}],"curies":[{"name":"wp","href":"https:\/\/api.w.org\/{rel}","templated":true}]}}