{"id":3229,"date":"2023-11-13T12:47:22","date_gmt":"2023-11-13T18:47:22","guid":{"rendered":"https:\/\/acapulcocity.mx\/?p=3229"},"modified":"2023-11-13T12:47:24","modified_gmt":"2023-11-13T18:47:24","slug":"brindan-mas-de-60-atenciones-medicas-en-12-dias","status":"publish","type":"post","link":"https:\/\/acapulcocity.mx\/index.php\/2023\/11\/13\/brindan-mas-de-60-atenciones-medicas-en-12-dias\/","title":{"rendered":"Brindan m\u00e1s de 60 atenciones m\u00e9dicas en 12 d\u00edas"},"content":{"rendered":"\n<p><strong><em>Acapulco, Guerrero.-<\/em><\/strong> El Gobierno Municipal que preside Abelina L\u00f3pez Rodr\u00edguez, a trav\u00e9s de la Secretar\u00eda de Seguridad P\u00fablica (SSP), brinda atenci\u00f3n m\u00e9dica a la poblaci\u00f3n, con traslados de ambulancias que pertenecen a la Central de Urgencias M\u00e9dicas de Acapulco (CUMA).<\/p>\n\n\n\n<p>Bajo la estrategia &#8220;Fuerza Acapulco&#8221;, la corporaci\u00f3n municipal contin\u00faa apoyando en traslados y asistencia pre hospitalaria a quienes lo necesitan, en coordinaci\u00f3n con instituciones de salud, atienden situaciones de emergencia m\u00e9dica.<\/p>\n\n\n\n<p>Del d\u00eda 1 al 12 de noviembre se han ofrecido m\u00e1s de 60 atenciones m\u00e9dicas a quienes han presentado problemas de salud, como policontusiones, hiperglucemia, cortadas, piquetes por animales, hipoglucemia, deshidrataci\u00f3n, heridas por arma blanca, infarto agudo al miocardio, entre otras.<\/p>\n\n\n\n<p>De manera efectiva, se han hecho traslados a hospitales p\u00fablicos y privados y, en otras ocasiones, se ha brindado atenci\u00f3n en el lugar de los hechos.<\/p>\n\n\n\n<p>El Gobierno Municipal que preside Abelina L\u00f3pez Rodr\u00edguez mantiene su compromiso de contribuir a la salud de la poblaci\u00f3n a trav\u00e9s de la CUMA.<\/p>\n","protected":false},"excerpt":{"rendered":"<p>Acapulco, Guerrero.- El Gobierno Municipal que preside Abelina L\u00f3pez Rodr\u00edguez, a trav\u00e9s de la Secretar\u00eda de Seguridad P\u00fablica (SSP), brinda atenci\u00f3n m\u00e9dica a la poblaci\u00f3n, con traslados de ambulancias que pertenecen a la Central de Urgencias M\u00e9dicas de Acapulco (CUMA). Bajo la estrategia &#8220;Fuerza Acapulco&#8221;, la corporaci\u00f3n municipal contin\u00faa apoyando<\/p>\n","protected":false},"author":1,"featured_media":3230,"comment_status":"closed","ping_status":"closed","sticky":false,"template":"","format":"standard","meta":{"footnotes":""},"categories":[4],"tags":[11],"class_list":["post-3229","post","type-post","status-publish","format-standard","has-post-thumbnail","hentry","category-acapulco","tag-acapulco",""],"_links":{"self":[{"href":"https:\/\/acapulcocity.mx\/index.php\/wp-json\/wp\/v2\/posts\/3229","targetHints":{"allow":["GET"]}}],"collection":[{"href":"https:\/\/acapulcocity.mx\/index.php\/wp-json\/wp\/v2\/posts"}],"about":[{"href":"https:\/\/acapulcocity.mx\/index.php\/wp-json\/wp\/v2\/types\/post"}],"author":[{"embeddable":true,"href":"https:\/\/acapulcocity.mx\/index.php\/wp-json\/wp\/v2\/users\/1"}],"replies":[{"embeddable":true,"href":"https:\/\/acapulcocity.mx\/index.php\/wp-json\/wp\/v2\/comments?post=3229"}],"version-history":[{"count":1,"href":"https:\/\/acapulcocity.mx\/index.php\/wp-json\/wp\/v2\/posts\/3229\/revisions"}],"predecessor-version":[{"id":3231,"href":"https:\/\/acapulcocity.mx\/index.php\/wp-json\/wp\/v2\/posts\/3229\/revisions\/3231"}],"wp:featuredmedia":[{"embeddable":true,"href":"https:\/\/acapulcocity.mx\/index.php\/wp-json\/wp\/v2\/media\/3230"}],"wp:attachment":[{"href":"https:\/\/acapulcocity.mx\/index.php\/wp-json\/wp\/v2\/media?parent=3229"}],"wp:term":[{"taxonomy":"category","embeddable":true,"href":"https:\/\/acapulcocity.mx\/index.php\/wp-json\/wp\/v2\/categories?post=3229"},{"taxonomy":"post_tag","embeddable":true,"href":"https:\/\/acapulcocity.mx\/index.php\/wp-json\/wp\/v2\/tags?post=3229"}],"curies":[{"name":"wp","href":"https:\/\/api.w.org\/{rel}","templated":true}]}}