{"id":3238,"date":"2023-11-13T13:00:52","date_gmt":"2023-11-13T19:00:52","guid":{"rendered":"https:\/\/acapulcocity.mx\/?p=3238"},"modified":"2023-11-13T13:00:52","modified_gmt":"2023-11-13T19:00:52","slug":"trabajan-en-rehabilitacion-del-alumbrado-publico-en-la-ciudad","status":"publish","type":"post","link":"https:\/\/acapulcocity.mx\/index.php\/2023\/11\/13\/trabajan-en-rehabilitacion-del-alumbrado-publico-en-la-ciudad\/","title":{"rendered":"Trabajan en rehabilitaci\u00f3n del alumbrado p\u00fablico en la ciudad"},"content":{"rendered":"\n<p><strong><em>Acapulco, Guerrero.-<\/em><\/strong> Por instrucciones de la Presidenta Municipal, Abelina L\u00f3pez Rodr\u00edguez, la Direcci\u00f3n de Alumbrado P\u00fablico trabaja a marchas forzadas para garantizar el servicio a la poblaci\u00f3n, con el fin de rehabilitar las luminarias, que se vieron afectadas por los efectos del hurac\u00e1n \u201cOtis\u201d en Acapulco.<\/p>\n\n\n\n<p>El director de la dependencia, Erick Alberto Bello Jaimes, indic\u00f3 que, se han restablecido m\u00e1s de 450 luminarias de las 32 mil que fueron afectadas por el fen\u00f3meno meteorol\u00f3gico; se ha trabajado en zonas como Ciudad Renacimiento, Emiliano Zapata, Costera Miguel Alem\u00e1n, entre otras; cabe destacar que se cuenta con un total de 60 mil luminarias distribuidas en Acapulco .<\/p>\n\n\n\n<p>En ese sentido, se\u00f1al\u00f3 que se realiza un censo, con el objetivo de brindar los datos al Gobierno Federal para solicitar el apoyo estimado de 220 millones de pesos para la reparaci\u00f3n total de la infraestructura de luminarias y reponer casi 500 mil metros de cableado.<\/p>\n\n\n\n<p>Mencion\u00f3 que la Presidenta Municipal, trabaja para realizar las gestiones correspondientes y dar prontitud al restablecimiento de este servicio, asimismo, se trabaja a marchas forzadas en el retiro de cables, troncos y estructuras que obstruyen las vialidades.<\/p>\n\n\n\n<p>El Gobierno Municipal que preside Abelina L\u00f3pez Rodr\u00edguez, refrenda su compromiso de restablecer los servicios p\u00fablicos de forma paulatina.<\/p>\n","protected":false},"excerpt":{"rendered":"<p>Acapulco, Guerrero.- Por instrucciones de la Presidenta Municipal, Abelina L\u00f3pez Rodr\u00edguez, la Direcci\u00f3n de Alumbrado P\u00fablico trabaja a marchas forzadas para garantizar el servicio a la poblaci\u00f3n, con el fin de rehabilitar las luminarias, que se vieron afectadas por los efectos del hurac\u00e1n \u201cOtis\u201d en Acapulco. El director de la<\/p>\n","protected":false},"author":1,"featured_media":3239,"comment_status":"closed","ping_status":"closed","sticky":false,"template":"","format":"standard","meta":{"footnotes":""},"categories":[4],"tags":[11],"class_list":["post-3238","post","type-post","status-publish","format-standard","has-post-thumbnail","hentry","category-acapulco","tag-acapulco",""],"_links":{"self":[{"href":"https:\/\/acapulcocity.mx\/index.php\/wp-json\/wp\/v2\/posts\/3238","targetHints":{"allow":["GET"]}}],"collection":[{"href":"https:\/\/acapulcocity.mx\/index.php\/wp-json\/wp\/v2\/posts"}],"about":[{"href":"https:\/\/acapulcocity.mx\/index.php\/wp-json\/wp\/v2\/types\/post"}],"author":[{"embeddable":true,"href":"https:\/\/acapulcocity.mx\/index.php\/wp-json\/wp\/v2\/users\/1"}],"replies":[{"embeddable":true,"href":"https:\/\/acapulcocity.mx\/index.php\/wp-json\/wp\/v2\/comments?post=3238"}],"version-history":[{"count":1,"href":"https:\/\/acapulcocity.mx\/index.php\/wp-json\/wp\/v2\/posts\/3238\/revisions"}],"predecessor-version":[{"id":3240,"href":"https:\/\/acapulcocity.mx\/index.php\/wp-json\/wp\/v2\/posts\/3238\/revisions\/3240"}],"wp:featuredmedia":[{"embeddable":true,"href":"https:\/\/acapulcocity.mx\/index.php\/wp-json\/wp\/v2\/media\/3239"}],"wp:attachment":[{"href":"https:\/\/acapulcocity.mx\/index.php\/wp-json\/wp\/v2\/media?parent=3238"}],"wp:term":[{"taxonomy":"category","embeddable":true,"href":"https:\/\/acapulcocity.mx\/index.php\/wp-json\/wp\/v2\/categories?post=3238"},{"taxonomy":"post_tag","embeddable":true,"href":"https:\/\/acapulcocity.mx\/index.php\/wp-json\/wp\/v2\/tags?post=3238"}],"curies":[{"name":"wp","href":"https:\/\/api.w.org\/{rel}","templated":true}]}}