{"id":3250,"date":"2023-11-14T10:06:25","date_gmt":"2023-11-14T16:06:25","guid":{"rendered":"https:\/\/acapulcocity.mx\/?p=3250"},"modified":"2023-11-14T10:06:27","modified_gmt":"2023-11-14T16:06:27","slug":"retomaran-programa-de-bacheo-en-la-ciudad","status":"publish","type":"post","link":"https:\/\/acapulcocity.mx\/index.php\/2023\/11\/14\/retomaran-programa-de-bacheo-en-la-ciudad\/","title":{"rendered":"Retomar\u00e1n programa de bacheo en la ciudad"},"content":{"rendered":"\n<p><strong><em>Acapulco, Guerrero.-<\/em><\/strong> El Gobierno Municipal que encabeza Abelina L\u00f3pez Rodr\u00edguez, a trav\u00e9s de la Direcci\u00f3n de Maquinaria Pesada y Parque Vehicular, retomar\u00e1 el programa de bacheo en las calles de la ciudad, el cual iniciar\u00e1 en la colonia Progreso y continuar\u00e1 en las avenidas principales.<\/p>\n\n\n\n<p>El director de la dependencia municipal, Silvestre G\u00f3mez Mart\u00ednez, inform\u00f3 que se atender\u00e1n las calles Durango, Oaxaca y Michoac\u00e1n, por ser calles estrat\u00e9gicas y de mayor afluencia; en esta etapa se har\u00e1 el bacheo de mil metros c\u00fabicos de concreto hidr\u00e1ulico.<\/p>\n\n\n\n<p>&#8220;Ya tenemos un punto estrat\u00e9gico, un volumen y una planeaci\u00f3n, vamos a continuar en la Progreso, porque hay varias calles que est\u00e1n inconclusas y el tema de la lluvia no nos dej\u00f3 terminar el bacheo en la zona; vamos a bachear las avenidas principales, esas son las instrucciones de la presidenta, incluso la Costera Miguel Alem\u00e1n va incluida ah\u00ed&#8221;, se\u00f1al\u00f3.<\/p>\n\n\n\n<p>Aunado a este proyecto, reiter\u00f3 que siguen trabajando en la limpieza de calles; brigadas de la dependencia fueron distribuidas este lunes sobre la Costera Miguel Alem\u00e1n para el retiro de desechos.<\/p>\n\n\n\n<p>El Gobierno Municipal que preside Abelina L\u00f3pez Rodr\u00edguez, contin\u00faa trabajando para la rehabilitaci\u00f3n y recuperaci\u00f3n de las calles y avenidas del municipio.<\/p>\n","protected":false},"excerpt":{"rendered":"<p>Acapulco, Guerrero.- El Gobierno Municipal que encabeza Abelina L\u00f3pez Rodr\u00edguez, a trav\u00e9s de la Direcci\u00f3n de Maquinaria Pesada y Parque Vehicular, retomar\u00e1 el programa de bacheo en las calles de la ciudad, el cual iniciar\u00e1 en la colonia Progreso y continuar\u00e1 en las avenidas principales. El director de la dependencia<\/p>\n","protected":false},"author":1,"featured_media":3251,"comment_status":"closed","ping_status":"closed","sticky":false,"template":"","format":"standard","meta":{"footnotes":""},"categories":[4],"tags":[11],"class_list":["post-3250","post","type-post","status-publish","format-standard","has-post-thumbnail","hentry","category-acapulco","tag-acapulco",""],"_links":{"self":[{"href":"https:\/\/acapulcocity.mx\/index.php\/wp-json\/wp\/v2\/posts\/3250","targetHints":{"allow":["GET"]}}],"collection":[{"href":"https:\/\/acapulcocity.mx\/index.php\/wp-json\/wp\/v2\/posts"}],"about":[{"href":"https:\/\/acapulcocity.mx\/index.php\/wp-json\/wp\/v2\/types\/post"}],"author":[{"embeddable":true,"href":"https:\/\/acapulcocity.mx\/index.php\/wp-json\/wp\/v2\/users\/1"}],"replies":[{"embeddable":true,"href":"https:\/\/acapulcocity.mx\/index.php\/wp-json\/wp\/v2\/comments?post=3250"}],"version-history":[{"count":1,"href":"https:\/\/acapulcocity.mx\/index.php\/wp-json\/wp\/v2\/posts\/3250\/revisions"}],"predecessor-version":[{"id":3252,"href":"https:\/\/acapulcocity.mx\/index.php\/wp-json\/wp\/v2\/posts\/3250\/revisions\/3252"}],"wp:featuredmedia":[{"embeddable":true,"href":"https:\/\/acapulcocity.mx\/index.php\/wp-json\/wp\/v2\/media\/3251"}],"wp:attachment":[{"href":"https:\/\/acapulcocity.mx\/index.php\/wp-json\/wp\/v2\/media?parent=3250"}],"wp:term":[{"taxonomy":"category","embeddable":true,"href":"https:\/\/acapulcocity.mx\/index.php\/wp-json\/wp\/v2\/categories?post=3250"},{"taxonomy":"post_tag","embeddable":true,"href":"https:\/\/acapulcocity.mx\/index.php\/wp-json\/wp\/v2\/tags?post=3250"}],"curies":[{"name":"wp","href":"https:\/\/api.w.org\/{rel}","templated":true}]}}