{"id":459,"date":"2021-03-17T22:22:10","date_gmt":"2021-03-17T22:22:10","guid":{"rendered":"http:\/\/acapulcocity.mx\/?p=459"},"modified":"2021-03-17T22:22:10","modified_gmt":"2021-03-17T22:22:10","slug":"interviene-el-gobierno-federal-ante-politizacion-de-adela-roman-en-vacunacion-en-acapulco","status":"publish","type":"post","link":"https:\/\/acapulcocity.mx\/index.php\/2021\/03\/17\/interviene-el-gobierno-federal-ante-politizacion-de-adela-roman-en-vacunacion-en-acapulco\/","title":{"rendered":"Interviene el Gobierno Federal ante politizaci\u00f3n de Adela Rom\u00e1n en vacunaci\u00f3n en Acapulco"},"content":{"rendered":"\n<p><strong><em>M\u00e9xico. &#8211; <\/em><\/strong>Luego de que el gobernador H\u00e9ctor Astudillo Flores hiciera un llamado a alcaldesa de Acapulco, Adela Rom\u00e1n Ocampo de no politizar la aplicaci\u00f3n de vacunas, la federaci\u00f3n a trav\u00e9s de la delegaci\u00f3n de programas para el bienestar emiti\u00f3 un comunicado donde resalta que el Plan Nacional de Vacunaci\u00f3n es ajeno a cualquier partido pol\u00edtico.<\/p>\n\n\n\n<p><em>El comunicado cita:<\/em><\/p>\n\n\n\n<blockquote class=\"wp-block-quote is-layout-flow wp-block-quote-is-layout-flow\"><p>&#8220;El Plan Nacional de Vacunaci\u00f3n es de car\u00e1cter p\u00fablico, ajeno a cualquier partido pol\u00edtico. Est\u00e1 prohibido su uso para fines distintos a los establecidos en la estrategia nacional de vacunaci\u00f3n contra el Covid-19. El gobierno de M\u00e9xico convoca a todos los actores pol\u00edticos a cuidar este objetivo&#8221;.<\/p><\/blockquote>\n\n\n\n<figure class=\"wp-block-image size-large\"><img fetchpriority=\"high\" decoding=\"async\" width=\"659\" height=\"840\" src=\"https:\/\/acapulcocity.mx\/wp-content\/uploads\/2021\/03\/comunicado-federal.jpg\" alt=\"\" class=\"wp-image-461\" srcset=\"https:\/\/acapulcocity.mx\/wp-content\/uploads\/2021\/03\/comunicado-federal.jpg 659w, https:\/\/acapulcocity.mx\/wp-content\/uploads\/2021\/03\/comunicado-federal-235x300.jpg 235w\" sizes=\"(max-width: 659px) 100vw, 659px\" \/><\/figure>\n\n\n\n<p>Este mi\u00e9rcoles inici\u00f3 la primera jornada de vacunaci\u00f3n en Acapulco, y la presidenta municipal recorri\u00f3 varias sedes mostr\u00e1ndose ya que busca reelegirse para el cargo en las pr\u00f3ximas elecciones.<\/p>\n\n\n\n<p>Ante esto, el gobernador H\u00e9ctor Astudillo se pronunci\u00f3 en sus redes:<\/p>\n\n\n\n<blockquote class=\"wp-block-quote is-layout-flow wp-block-quote-is-layout-flow\"><p>&#8220;El Plan Nacional de Vacunaci\u00f3n es coordinado por el Gobierno Federal y coadyuvamos sin protagonismos ni intereses personales. Como Gobernador hago un llamado a todas las autoridades a no politizar el proceso de vacunaci\u00f3n y abstenerse de utilizarlo para hacer campa\u00f1a, Adela Rom\u00e1n Ocampo&#8221;.<\/p><\/blockquote>\n\n\n\n<p>Rom\u00e1n Ocampo tambi\u00e9n contest\u00f3 a Astudillo Flores y dijo que hoy regres\u00f3 a su cargo tras pedir licencia, y \u00fanicamente acudi\u00f3 para informar sobre el proceso.<\/p>\n","protected":false},"excerpt":{"rendered":"<p>La alcaldesa acudi\u00f3 a las sedes de vacunaci\u00f3n para hacer &#8220;actos de campa\u00f1a&#8221;.<\/p>\n","protected":false},"author":1,"featured_media":460,"comment_status":"open","ping_status":"closed","sticky":false,"template":"","format":"standard","meta":{"footnotes":""},"categories":[4,6],"tags":[16],"class_list":["post-459","post","type-post","status-publish","format-standard","has-post-thumbnail","hentry","category-acapulco","category-nacion","tag-nacion",""],"_links":{"self":[{"href":"https:\/\/acapulcocity.mx\/index.php\/wp-json\/wp\/v2\/posts\/459","targetHints":{"allow":["GET"]}}],"collection":[{"href":"https:\/\/acapulcocity.mx\/index.php\/wp-json\/wp\/v2\/posts"}],"about":[{"href":"https:\/\/acapulcocity.mx\/index.php\/wp-json\/wp\/v2\/types\/post"}],"author":[{"embeddable":true,"href":"https:\/\/acapulcocity.mx\/index.php\/wp-json\/wp\/v2\/users\/1"}],"replies":[{"embeddable":true,"href":"https:\/\/acapulcocity.mx\/index.php\/wp-json\/wp\/v2\/comments?post=459"}],"version-history":[{"count":1,"href":"https:\/\/acapulcocity.mx\/index.php\/wp-json\/wp\/v2\/posts\/459\/revisions"}],"predecessor-version":[{"id":462,"href":"https:\/\/acapulcocity.mx\/index.php\/wp-json\/wp\/v2\/posts\/459\/revisions\/462"}],"wp:featuredmedia":[{"embeddable":true,"href":"https:\/\/acapulcocity.mx\/index.php\/wp-json\/wp\/v2\/media\/460"}],"wp:attachment":[{"href":"https:\/\/acapulcocity.mx\/index.php\/wp-json\/wp\/v2\/media?parent=459"}],"wp:term":[{"taxonomy":"category","embeddable":true,"href":"https:\/\/acapulcocity.mx\/index.php\/wp-json\/wp\/v2\/categories?post=459"},{"taxonomy":"post_tag","embeddable":true,"href":"https:\/\/acapulcocity.mx\/index.php\/wp-json\/wp\/v2\/tags?post=459"}],"curies":[{"name":"wp","href":"https:\/\/api.w.org\/{rel}","templated":true}]}}