{"id":4636,"date":"2024-10-03T15:40:56","date_gmt":"2024-10-03T21:40:56","guid":{"rendered":"https:\/\/acapulcocity.mx\/?p=4636"},"modified":"2024-10-03T15:40:58","modified_gmt":"2024-10-03T21:40:58","slug":"declaran-estado-de-alerta-en-acapulco-por-depresion-tropical","status":"publish","type":"post","link":"https:\/\/acapulcocity.mx\/index.php\/2024\/10\/03\/declaran-estado-de-alerta-en-acapulco-por-depresion-tropical\/","title":{"rendered":"Declaran estado de alerta en Acapulco por depresi\u00f3n tropical"},"content":{"rendered":"\n<p><strong><em>Acapulco, Guerrero.- <\/em><\/strong>El Gobierno que preside Abelina L\u00f3pez Rodr\u00edguez declar\u00f3 estado de alerta en Acapulco durante las pr\u00f3ximas 72 horas, ante las lluvias y vientos que se espera, genere la depresi\u00f3n tropical Once-E, en el municipio.<\/p>\n\n\n\n<p>En <a><\/a>sesi\u00f3n del Consejo Municipal de Protecci\u00f3n Civil, la secretaria general del Ayuntamiento, Leticia Lozano Zavala, secretaria ejecutiva del mismo, pidi\u00f3 a la poblaci\u00f3n prepararse ante los posibles efectos de este fen\u00f3meno meteorol\u00f3gico y llam\u00f3 a la poblaci\u00f3n a conservar la calma.<\/p>\n\n\n\n<p>\u201cEn este momento nuestra Presidenta, Abelina L\u00f3pez Rodr\u00edguez, se encuentra en una mesa de trabajo con los tres niveles de Gobierno, de manera muy especial con nuestra Presidenta de la Rep\u00fablica, Claudia Sheinbaum Pardo, donde est\u00e1n coordinando las acciones que van a implementar en beneficio de la ciudadan\u00eda acapulque\u00f1a\u201d, destac\u00f3 la funcionaria.<\/p>\n\n\n\n<p>El secretario t\u00e9cnico del Consejo Municipal de Protecci\u00f3n Civil, Efr\u00e9n Valdez Ram\u00edrez y el encargado del Centro de Monitoreo, Juan Ram\u00f3n Ram\u00edrez Miranda, informaron que el fen\u00f3meno se encuentra entre las costas de Guerrero, Oaxaca y Chiapas y se espera que para esta noche y la madrugada del jueves, alcance la categor\u00eda de tormenta tropical, con vientos de 75 hasta 90 kil\u00f3metros por hora y lluvias intensas superiores a los 150 mil\u00edmetros.<\/p>\n\n\n\n<p>De intensificarse, tomar\u00eda el nombre &#8220;Kristy&#8221;, adem\u00e1s generar\u00eda condiciones de lluvia para Acapulco durante este fin de semana. Ante esta informaci\u00f3n, las autoridades reiteraron el llamado a la poblaci\u00f3n a estar atenta a los mensajes que emitan las fuentes oficiales.<\/p>\n\n\n\n<p>Asistieron a esta actividad, el Teniente Coronel de Infanter\u00eda, An\u00edbal Salvador Nava S\u00e1nchez, Comandante del 56 Batall\u00f3n de Infanter\u00eda en representaci\u00f3n de la 27\u00b0 zona Militar, el Inspector No\u00e9 Adaya D\u00edaz, Mando Especial de la Guardia Nacional, la regidora Hilda Sof\u00eda Corona Mijangos, entre otras autoridades.<\/p>\n","protected":false},"excerpt":{"rendered":"<p>Acapulco, Guerrero.- El Gobierno que preside Abelina L\u00f3pez Rodr\u00edguez declar\u00f3 estado de alerta en Acapulco durante las pr\u00f3ximas 72 horas, ante las lluvias y vientos que se espera, genere la depresi\u00f3n tropical Once-E, en el municipio. En sesi\u00f3n del Consejo Municipal de Protecci\u00f3n Civil, la secretaria general del Ayuntamiento, Leticia<\/p>\n","protected":false},"author":1,"featured_media":4637,"comment_status":"closed","ping_status":"closed","sticky":false,"template":"","format":"standard","meta":{"footnotes":""},"categories":[1],"tags":[],"class_list":["post-4636","post","type-post","status-publish","format-standard","has-post-thumbnail","hentry","category-uncategorized",""],"_links":{"self":[{"href":"https:\/\/acapulcocity.mx\/index.php\/wp-json\/wp\/v2\/posts\/4636","targetHints":{"allow":["GET"]}}],"collection":[{"href":"https:\/\/acapulcocity.mx\/index.php\/wp-json\/wp\/v2\/posts"}],"about":[{"href":"https:\/\/acapulcocity.mx\/index.php\/wp-json\/wp\/v2\/types\/post"}],"author":[{"embeddable":true,"href":"https:\/\/acapulcocity.mx\/index.php\/wp-json\/wp\/v2\/users\/1"}],"replies":[{"embeddable":true,"href":"https:\/\/acapulcocity.mx\/index.php\/wp-json\/wp\/v2\/comments?post=4636"}],"version-history":[{"count":1,"href":"https:\/\/acapulcocity.mx\/index.php\/wp-json\/wp\/v2\/posts\/4636\/revisions"}],"predecessor-version":[{"id":4638,"href":"https:\/\/acapulcocity.mx\/index.php\/wp-json\/wp\/v2\/posts\/4636\/revisions\/4638"}],"wp:featuredmedia":[{"embeddable":true,"href":"https:\/\/acapulcocity.mx\/index.php\/wp-json\/wp\/v2\/media\/4637"}],"wp:attachment":[{"href":"https:\/\/acapulcocity.mx\/index.php\/wp-json\/wp\/v2\/media?parent=4636"}],"wp:term":[{"taxonomy":"category","embeddable":true,"href":"https:\/\/acapulcocity.mx\/index.php\/wp-json\/wp\/v2\/categories?post=4636"},{"taxonomy":"post_tag","embeddable":true,"href":"https:\/\/acapulcocity.mx\/index.php\/wp-json\/wp\/v2\/tags?post=4636"}],"curies":[{"name":"wp","href":"https:\/\/api.w.org\/{rel}","templated":true}]}}