{"id":4660,"date":"2024-10-05T13:35:35","date_gmt":"2024-10-05T19:35:35","guid":{"rendered":"https:\/\/acapulcocity.mx\/?p=4660"},"modified":"2024-10-05T13:35:36","modified_gmt":"2024-10-05T19:35:36","slug":"asume-ernesto-zapata-comandancia-de-la-ix-region-militar-del-estado-de-guerrero","status":"publish","type":"post","link":"https:\/\/acapulcocity.mx\/index.php\/2024\/10\/05\/asume-ernesto-zapata-comandancia-de-la-ix-region-militar-del-estado-de-guerrero\/","title":{"rendered":"Asume Ernesto Zapata comandancia de la IX Regi\u00f3n Militar del Estado de Guerrero"},"content":{"rendered":"\n<p>El general de divisi\u00f3n, Ernesto Jos\u00e9 Zapata P\u00e9rez, asumi\u00f3 el cargo como comandante de la IX Regi\u00f3n Militar del estado de Guerrero.<br>Este viernes, tom\u00f3 protesta en las instalaciones ubicadas en la Base A\u00e9rea de Pie de la Cuesta.<br>Jur\u00f3 bandera ante el general de Divisi\u00f3n y jefe del Estado Mayor, Norberto Cort\u00e9z Rodr\u00edguez.<br>Lo anterior, es parte de la rotaci\u00f3n del personal castrense que realiza la Secretar\u00eda de la Defensa Nacional (SEDENA).<br>Zapata P\u00e9rez es originario de la Ciudad de M\u00e9xico y egresado del Her\u00f3ico Colegio Militar. Fue designado en sustituci\u00f3n del general de divisi\u00f3n, Enrique&nbsp;Mart\u00ednez&nbsp;L\u00f3pez.<\/p>\n\n\n\n<figure class=\"wp-block-gallery has-nested-images columns-default is-cropped wp-block-gallery-1 is-layout-flex wp-block-gallery-is-layout-flex\">\n<figure class=\"wp-block-image size-large\"><img fetchpriority=\"high\" decoding=\"async\" width=\"1024\" height=\"683\" data-id=\"4665\" src=\"https:\/\/acapulcocity.mx\/wp-content\/uploads\/2024\/10\/X-1-1024x683.jpg\" alt=\"\" class=\"wp-image-4665\" srcset=\"https:\/\/acapulcocity.mx\/wp-content\/uploads\/2024\/10\/X-1-1024x683.jpg 1024w, https:\/\/acapulcocity.mx\/wp-content\/uploads\/2024\/10\/X-1-300x200.jpg 300w, https:\/\/acapulcocity.mx\/wp-content\/uploads\/2024\/10\/X-1-768x512.jpg 768w, https:\/\/acapulcocity.mx\/wp-content\/uploads\/2024\/10\/X-1-1536x1024.jpg 1536w, https:\/\/acapulcocity.mx\/wp-content\/uploads\/2024\/10\/X-1-2048x1365.jpg 2048w, https:\/\/acapulcocity.mx\/wp-content\/uploads\/2024\/10\/X-1-1170x780.jpg 1170w\" sizes=\"(max-width: 1024px) 100vw, 1024px\" \/><\/figure>\n\n\n\n<figure class=\"wp-block-image size-large\"><img fetchpriority=\"high\" decoding=\"async\" width=\"1024\" height=\"683\" data-id=\"4665\" src=\"https:\/\/acapulcocity.mx\/wp-content\/uploads\/2024\/10\/X-1-1024x683.jpg\" alt=\"\" class=\"wp-image-4665\" srcset=\"https:\/\/acapulcocity.mx\/wp-content\/uploads\/2024\/10\/X-1-1024x683.jpg 1024w, https:\/\/acapulcocity.mx\/wp-content\/uploads\/2024\/10\/X-1-300x200.jpg 300w, https:\/\/acapulcocity.mx\/wp-content\/uploads\/2024\/10\/X-1-768x512.jpg 768w, https:\/\/acapulcocity.mx\/wp-content\/uploads\/2024\/10\/X-1-1536x1024.jpg 1536w, https:\/\/acapulcocity.mx\/wp-content\/uploads\/2024\/10\/X-1-2048x1365.jpg 2048w, https:\/\/acapulcocity.mx\/wp-content\/uploads\/2024\/10\/X-1-1170x780.jpg 1170w\" sizes=\"(max-width: 1024px) 100vw, 1024px\" \/><\/figure>\n\n\n\n<figure class=\"wp-block-image size-large\"><img decoding=\"async\" width=\"1024\" height=\"683\" data-id=\"4661\" src=\"https:\/\/acapulcocity.mx\/wp-content\/uploads\/2024\/10\/Z-1024x683.jpg\" alt=\"\" class=\"wp-image-4661\" srcset=\"https:\/\/acapulcocity.mx\/wp-content\/uploads\/2024\/10\/Z-1024x683.jpg 1024w, https:\/\/acapulcocity.mx\/wp-content\/uploads\/2024\/10\/Z-300x200.jpg 300w, https:\/\/acapulcocity.mx\/wp-content\/uploads\/2024\/10\/Z-768x512.jpg 768w, https:\/\/acapulcocity.mx\/wp-content\/uploads\/2024\/10\/Z-1536x1024.jpg 1536w, https:\/\/acapulcocity.mx\/wp-content\/uploads\/2024\/10\/Z-2048x1365.jpg 2048w, https:\/\/acapulcocity.mx\/wp-content\/uploads\/2024\/10\/Z-1170x780.jpg 1170w\" sizes=\"(max-width: 1024px) 100vw, 1024px\" \/><\/figure>\n\n\n\n<figure class=\"wp-block-image size-large\"><img decoding=\"async\" data-id=\"4664\" src=\"https:\/\/acapulcocity.mx\/wp-content\/uploads\/2024\/10\/ZZ.jpg\" alt=\"\" class=\"wp-image-4664\"\/><\/figure>\n<\/figure>\n","protected":false},"excerpt":{"rendered":"<p>El general de divisi\u00f3n, Ernesto Jos\u00e9 Zapata P\u00e9rez, asumi\u00f3 el cargo como comandante de la IX Regi\u00f3n Militar del estado de Guerrero.Este viernes, tom\u00f3 protesta en las instalaciones ubicadas en la Base A\u00e9rea de Pie de la Cuesta.Jur\u00f3 bandera ante el general de Divisi\u00f3n y jefe del Estado Mayor, Norberto<\/p>\n","protected":false},"author":1,"featured_media":4667,"comment_status":"closed","ping_status":"closed","sticky":false,"template":"","format":"standard","meta":{"footnotes":""},"categories":[1],"tags":[],"class_list":["post-4660","post","type-post","status-publish","format-standard","has-post-thumbnail","hentry","category-uncategorized",""],"_links":{"self":[{"href":"https:\/\/acapulcocity.mx\/index.php\/wp-json\/wp\/v2\/posts\/4660","targetHints":{"allow":["GET"]}}],"collection":[{"href":"https:\/\/acapulcocity.mx\/index.php\/wp-json\/wp\/v2\/posts"}],"about":[{"href":"https:\/\/acapulcocity.mx\/index.php\/wp-json\/wp\/v2\/types\/post"}],"author":[{"embeddable":true,"href":"https:\/\/acapulcocity.mx\/index.php\/wp-json\/wp\/v2\/users\/1"}],"replies":[{"embeddable":true,"href":"https:\/\/acapulcocity.mx\/index.php\/wp-json\/wp\/v2\/comments?post=4660"}],"version-history":[{"count":1,"href":"https:\/\/acapulcocity.mx\/index.php\/wp-json\/wp\/v2\/posts\/4660\/revisions"}],"predecessor-version":[{"id":4668,"href":"https:\/\/acapulcocity.mx\/index.php\/wp-json\/wp\/v2\/posts\/4660\/revisions\/4668"}],"wp:featuredmedia":[{"embeddable":true,"href":"https:\/\/acapulcocity.mx\/index.php\/wp-json\/wp\/v2\/media\/4667"}],"wp:attachment":[{"href":"https:\/\/acapulcocity.mx\/index.php\/wp-json\/wp\/v2\/media?parent=4660"}],"wp:term":[{"taxonomy":"category","embeddable":true,"href":"https:\/\/acapulcocity.mx\/index.php\/wp-json\/wp\/v2\/categories?post=4660"},{"taxonomy":"post_tag","embeddable":true,"href":"https:\/\/acapulcocity.mx\/index.php\/wp-json\/wp\/v2\/tags?post=4660"}],"curies":[{"name":"wp","href":"https:\/\/api.w.org\/{rel}","templated":true}]}}