{"id":4873,"date":"2024-11-21T12:53:27","date_gmt":"2024-11-21T18:53:27","guid":{"rendered":"https:\/\/acapulcocity.mx\/?p=4873"},"modified":"2024-11-21T12:53:29","modified_gmt":"2024-11-21T18:53:29","slug":"notifica-via-publica-a-vendedores-ambulantes-en-bulevar-vicente-guerrero","status":"publish","type":"post","link":"https:\/\/acapulcocity.mx\/index.php\/2024\/11\/21\/notifica-via-publica-a-vendedores-ambulantes-en-bulevar-vicente-guerrero\/","title":{"rendered":"Notifica V\u00eda P\u00fablica a vendedores ambulantes en bulevar Vicente Guerrero"},"content":{"rendered":"\n<p><strong><em>Acapulco, Guerrero.- <\/em><\/strong>A fin de mantener un orden en las calles de la ciudad, el Gobierno Municipal que preside Abelina L\u00f3pez Rodr\u00edguez a trav\u00e9s de la Direcci\u00f3n de V\u00eda P\u00fablica, realiz\u00f3 un operativo para notificar y retirar a diversos comercios ambulantes que operan en el bulevar Vicente Guerrero.<\/p>\n\n\n\n<p>En <a><\/a>director de V\u00eda P\u00fablica municipal, Genovevo Pozos Mej\u00eda inform\u00f3 que se respondi\u00f3 la solicitud de una reconocida tienda departamental, que denunciaba invasi\u00f3n en la entrada de sus sucursales a la altura de las colonias Emiliano Zapata y Ciudad Renacimiento.<\/p>\n\n\n\n<p>En este operativo se notific\u00f3 a 15 vendedores ambulantes, quienes ante el llamado de la autoridad optaron por retirarse del lugar. El funcionario afirm\u00f3 que una vez realizadas las notificaciones, se hacen recorridos para verificar que no haya reincidencias.<\/p>\n\n\n\n<p>En este operativo, el personal tambi\u00e9n verific\u00f3 los permisos de vendedores que operan en esta zona y a quienes no est\u00e1n regularizados, se les invit\u00f3 a ponerse al corriente en su pago en las oficinas de la Direcci\u00f3n de V\u00eda P\u00fablica, ubicadas en calle Capit\u00e1n Malaspina, fraccionamiento Hornos Insurgentes.<\/p>\n\n\n\n<p>El Gobierno Municipal de Acapulco trabaja en diferentes turnos para mantener despejadas las calles, mejorando la imagen y el paso a los transe\u00fantes.<\/p>\n","protected":false},"excerpt":{"rendered":"<p>Acapulco, Guerrero.- A fin de mantener un orden en las calles de la ciudad, el Gobierno Municipal que preside Abelina L\u00f3pez Rodr\u00edguez a trav\u00e9s de la Direcci\u00f3n de V\u00eda P\u00fablica, realiz\u00f3 un operativo para notificar y retirar a diversos comercios ambulantes que operan en el bulevar Vicente Guerrero. En director<\/p>\n","protected":false},"author":1,"featured_media":4874,"comment_status":"closed","ping_status":"closed","sticky":false,"template":"","format":"standard","meta":{"footnotes":""},"categories":[1],"tags":[11],"class_list":["post-4873","post","type-post","status-publish","format-standard","has-post-thumbnail","hentry","category-uncategorized","tag-acapulco",""],"_links":{"self":[{"href":"https:\/\/acapulcocity.mx\/index.php\/wp-json\/wp\/v2\/posts\/4873","targetHints":{"allow":["GET"]}}],"collection":[{"href":"https:\/\/acapulcocity.mx\/index.php\/wp-json\/wp\/v2\/posts"}],"about":[{"href":"https:\/\/acapulcocity.mx\/index.php\/wp-json\/wp\/v2\/types\/post"}],"author":[{"embeddable":true,"href":"https:\/\/acapulcocity.mx\/index.php\/wp-json\/wp\/v2\/users\/1"}],"replies":[{"embeddable":true,"href":"https:\/\/acapulcocity.mx\/index.php\/wp-json\/wp\/v2\/comments?post=4873"}],"version-history":[{"count":1,"href":"https:\/\/acapulcocity.mx\/index.php\/wp-json\/wp\/v2\/posts\/4873\/revisions"}],"predecessor-version":[{"id":4875,"href":"https:\/\/acapulcocity.mx\/index.php\/wp-json\/wp\/v2\/posts\/4873\/revisions\/4875"}],"wp:featuredmedia":[{"embeddable":true,"href":"https:\/\/acapulcocity.mx\/index.php\/wp-json\/wp\/v2\/media\/4874"}],"wp:attachment":[{"href":"https:\/\/acapulcocity.mx\/index.php\/wp-json\/wp\/v2\/media?parent=4873"}],"wp:term":[{"taxonomy":"category","embeddable":true,"href":"https:\/\/acapulcocity.mx\/index.php\/wp-json\/wp\/v2\/categories?post=4873"},{"taxonomy":"post_tag","embeddable":true,"href":"https:\/\/acapulcocity.mx\/index.php\/wp-json\/wp\/v2\/tags?post=4873"}],"curies":[{"name":"wp","href":"https:\/\/api.w.org\/{rel}","templated":true}]}}