{"id":5606,"date":"2025-05-14T11:00:29","date_gmt":"2025-05-14T17:00:29","guid":{"rendered":"https:\/\/acapulcocity.mx\/?p=5606"},"modified":"2025-05-14T11:00:31","modified_gmt":"2025-05-14T17:00:31","slug":"registra-acapulco-62-7-por-ciento-de-ocupacion-hotelera","status":"publish","type":"post","link":"https:\/\/acapulcocity.mx\/index.php\/2025\/05\/14\/registra-acapulco-62-7-por-ciento-de-ocupacion-hotelera\/","title":{"rendered":"Registra #Acapulco 62.7 por ciento de ocupaci\u00f3n hotelera"},"content":{"rendered":"\n<p><strong><em>Acapulco, Guerrero.- <\/em><\/strong>Con motivo del &#8220;D\u00eda de las Madres&#8221; residentes y visitantes disfrutan de esta celebraci\u00f3n en las playas, hospeder\u00edas y restaurantes del puerto, registrando 62.7 por ciento de ocupaci\u00f3n hotelera promedio general, de acuerdo con el informe del Gobierno Municipal que preside Abelina L\u00f3pez Rodr\u00edguez a trav\u00e9s de la Secretar\u00eda de Turismo.<\/p>\n\n\n\n<p>Las estad\u00edsticas de la dependencia municipal, indican que dividido por zonas, el Acapulco Tradicional o N\u00e1utico registr\u00f3 una alta ocupaci\u00f3n de 78.7 por ciento, seguido del Acapulco Dorado con 70.1 puntos porcentuales, mientras que el Acapulco Diamante registr\u00f3 el 45 por ciento de sus cuartos ocupadas.<\/p>\n\n\n\n<p>Cabe recordar que el Gobierno Municipal que encabeza Abelina L\u00f3pez Rodr\u00edguez trabaja a trav\u00e9s de sus diversas \u00e1reas operativas para ofrecer una buena imagen del puerto para que nuestros visitantes nacionales y extranjeros tengan una estancia placentera en este destino de sol y playa.<\/p>\n\n\n\n<p>Se hace el llamado, a la ciudadan\u00eda a mantener las medidas preventivas antes de ingresar al mar y procurar a adultos mayores y menores de edad.<\/p>\n\n\n\n<p>En caso de emergencia, el Centro de Atenci\u00f3n y Protecci\u00f3n al Turista Acapulco (CAPTA), se encuentra disponible las 24 horas del d\u00eda para atender a turistas y residentes en sus instalaciones, ubicadas en la avenida Costera Miguel Alem\u00e1n, frente al Instituto Guerrerense de la Cultura o, a trav\u00e9s de las l\u00edneas telef\u00f3nicas 911 y 744 484 98 00.<\/p>\n","protected":false},"excerpt":{"rendered":"<p>Acapulco, Guerrero.- Con motivo del &#8220;D\u00eda de las Madres&#8221; residentes y visitantes disfrutan de esta celebraci\u00f3n en las playas, hospeder\u00edas y restaurantes del puerto, registrando 62.7 por ciento de ocupaci\u00f3n hotelera promedio general, de acuerdo con el informe del Gobierno Municipal que preside Abelina L\u00f3pez Rodr\u00edguez a trav\u00e9s de la<\/p>\n","protected":false},"author":1,"featured_media":5607,"comment_status":"closed","ping_status":"closed","sticky":false,"template":"","format":"standard","meta":{"footnotes":""},"categories":[1],"tags":[11,13],"class_list":["post-5606","post","type-post","status-publish","format-standard","has-post-thumbnail","hentry","category-uncategorized","tag-acapulco","tag-turismo",""],"_links":{"self":[{"href":"https:\/\/acapulcocity.mx\/index.php\/wp-json\/wp\/v2\/posts\/5606","targetHints":{"allow":["GET"]}}],"collection":[{"href":"https:\/\/acapulcocity.mx\/index.php\/wp-json\/wp\/v2\/posts"}],"about":[{"href":"https:\/\/acapulcocity.mx\/index.php\/wp-json\/wp\/v2\/types\/post"}],"author":[{"embeddable":true,"href":"https:\/\/acapulcocity.mx\/index.php\/wp-json\/wp\/v2\/users\/1"}],"replies":[{"embeddable":true,"href":"https:\/\/acapulcocity.mx\/index.php\/wp-json\/wp\/v2\/comments?post=5606"}],"version-history":[{"count":1,"href":"https:\/\/acapulcocity.mx\/index.php\/wp-json\/wp\/v2\/posts\/5606\/revisions"}],"predecessor-version":[{"id":5608,"href":"https:\/\/acapulcocity.mx\/index.php\/wp-json\/wp\/v2\/posts\/5606\/revisions\/5608"}],"wp:featuredmedia":[{"embeddable":true,"href":"https:\/\/acapulcocity.mx\/index.php\/wp-json\/wp\/v2\/media\/5607"}],"wp:attachment":[{"href":"https:\/\/acapulcocity.mx\/index.php\/wp-json\/wp\/v2\/media?parent=5606"}],"wp:term":[{"taxonomy":"category","embeddable":true,"href":"https:\/\/acapulcocity.mx\/index.php\/wp-json\/wp\/v2\/categories?post=5606"},{"taxonomy":"post_tag","embeddable":true,"href":"https:\/\/acapulcocity.mx\/index.php\/wp-json\/wp\/v2\/tags?post=5606"}],"curies":[{"name":"wp","href":"https:\/\/api.w.org\/{rel}","templated":true}]}}