{"id":5748,"date":"2025-08-06T08:30:04","date_gmt":"2025-08-06T14:30:04","guid":{"rendered":"https:\/\/acapulcocity.mx\/?p=5748"},"modified":"2025-08-06T08:30:11","modified_gmt":"2025-08-06T14:30:11","slug":"confirma-gobierno-de-guerrero-segunda-edicion-de-la-carlos-alcaraz-academy-en-acapulco","status":"publish","type":"post","link":"https:\/\/acapulcocity.mx\/index.php\/2025\/08\/06\/confirma-gobierno-de-guerrero-segunda-edicion-de-la-carlos-alcaraz-academy-en-acapulco\/","title":{"rendered":"Confirma Gobierno de Guerrero segunda edici\u00f3n de la Carlos Alcaraz Academy en Acapulco"},"content":{"rendered":"\n<p><strong><em>Guerrero.- <\/em><\/strong>El gobierno de Guerrero, a trav\u00e9s de la Secretar\u00eda de Turismo (SECTUR), anunci\u00f3 la realizaci\u00f3n de la segunda edici\u00f3n de las cl\u00ednicas de tenis de la Carlos Alcaraz Academy en Acapulco, programada para el mes de diciembre, tras el \u00e9xito rotundo de su primera edici\u00f3n en la Arena GNP Seguros durante el verano, esto, gracias a las gestiones encabezadas por la gobernadora, Evelyn Salgado Pineda, en la Feria Internacional de Turismo (Fitur) 2025, donde se consolid\u00f3 la presencia de la reconocida academia en el puerto.<\/p>\n\n\n\n<p>En conferencia de prensa, autoridades del gobierno estatal y representantes de esta academia internacional confirmaron una nueva edici\u00f3n de estas cl\u00ednicas de tenis para el mes de diciembre, ya que informaron que este ha sido el campamento con m\u00e1s participantes y con las mejores instalaciones de los que se han realizado fuera de Espa\u00f1a.<\/p>\n\n\n\n<p>En representaci\u00f3n de la gobernadora, el secretario de Turismo, Sim\u00f3n Qui\u00f1ones Orozco, destac\u00f3 el trabajo conjunto con la Carlos Alcaraz Academy y Grupo Mundo Imperial, que ha permitido fortalecer la agenda tur\u00edstica con actividades deportivas de alto nivel.<\/p>\n\n\n\n<p>\u201cQue digan que estas son las mejores instalaciones en las que se puede realizar un Camp nos llena de mucho orgullo y de mucha satisfacci\u00f3n, y el sold out que se anunci\u00f3 en d\u00edas pasados nos indica que Acapulco y la gente tienen una conexi\u00f3n muy especial con el tema del deporte, el que fomentemos un deporte es muy importante porque nos ayuda econ\u00f3micamente, tur\u00edsticamente y socialmente, vamos a seguir apostando por este tipo de estrategias\u201d, expres\u00f3.<\/p>\n\n\n\n<p>Qui\u00f1ones Orozco tambi\u00e9n anunci\u00f3 otros eventos deportivos de gran relevancia que se llevar\u00e1n a cabo en los pr\u00f3ximos meses en Acapulco, entre ellos: el Ironman 70.3 el 9 de noviembre, el Major Premier Padel del 24 al 30 de noviembre, y el Acapulco Beach Soccer Cup, del 12 al 14 de diciembre. Asimismo, mencion\u00f3 eventos de alto impacto como la Convenci\u00f3n Nacional de Miner\u00eda (18 al 21 de noviembre) y el Air Show (21 al 23 de noviembre).<\/p>\n\n\n\n<p>Por su parte, Ren\u00e9 Posselt Aguirre, coordinador general de Comunicaci\u00f3n Social del Gobierno del Estado, reiter\u00f3 el respaldo de la gobernadora para continuar impulsando este tipo de actividades, reconociendo a la academia y a Grupo Mundo Imperial como aliados estrat\u00e9gicos en el fortalecimiento del turismo deportivo.<\/p>\n\n\n\n<p>Mientras que Aleix Garc\u00eda, director de Carlos Alcaraz Academy Camps en M\u00e9xico, agradeci\u00f3 el apoyo del Gobierno de Guerrero y reconoci\u00f3 el potencial de Acapulco para seguir desarrollando proyectos conjuntos. \u201cHemos encontrado en este destino un lugar ideal para brindar experiencias \u00fanicas a los participantes, que no solo mejoran sus habilidades, sino que tambi\u00e9n disfrutan de todo lo que ofrece el puerto\u201d, afirm\u00f3.<\/p>\n\n\n\n<p>Finalmente, Alfredo Sarri\u00e1, director deportivo de la academia, y Ricardo Ram\u00edrez, director comercial de Grupo Mundo Imperial, coincidieron en que este proyecto ha sido un \u00e9xito y anticiparon nuevas fechas, actividades y sorpresas para la segunda edici\u00f3n de diciembre, reafirmando el compromiso con el impulso del turismo deportivo en Guerrero.<\/p>\n","protected":false},"excerpt":{"rendered":"<p>Guerrero.- El gobierno de Guerrero, a trav\u00e9s de la Secretar\u00eda de Turismo (SECTUR), anunci\u00f3 la realizaci\u00f3n de la segunda edici\u00f3n de las cl\u00ednicas de tenis de la Carlos Alcaraz Academy en Acapulco, programada para el mes de diciembre, tras el \u00e9xito rotundo de su primera edici\u00f3n en la Arena GNP<\/p>\n","protected":false},"author":1,"featured_media":5749,"comment_status":"closed","ping_status":"closed","sticky":false,"template":"","format":"standard","meta":{"footnotes":""},"categories":[1],"tags":[11,2,13],"class_list":["post-5748","post","type-post","status-publish","format-standard","has-post-thumbnail","hentry","category-uncategorized","tag-acapulco","tag-guerrero","tag-turismo",""],"_links":{"self":[{"href":"https:\/\/acapulcocity.mx\/index.php\/wp-json\/wp\/v2\/posts\/5748","targetHints":{"allow":["GET"]}}],"collection":[{"href":"https:\/\/acapulcocity.mx\/index.php\/wp-json\/wp\/v2\/posts"}],"about":[{"href":"https:\/\/acapulcocity.mx\/index.php\/wp-json\/wp\/v2\/types\/post"}],"author":[{"embeddable":true,"href":"https:\/\/acapulcocity.mx\/index.php\/wp-json\/wp\/v2\/users\/1"}],"replies":[{"embeddable":true,"href":"https:\/\/acapulcocity.mx\/index.php\/wp-json\/wp\/v2\/comments?post=5748"}],"version-history":[{"count":1,"href":"https:\/\/acapulcocity.mx\/index.php\/wp-json\/wp\/v2\/posts\/5748\/revisions"}],"predecessor-version":[{"id":5750,"href":"https:\/\/acapulcocity.mx\/index.php\/wp-json\/wp\/v2\/posts\/5748\/revisions\/5750"}],"wp:featuredmedia":[{"embeddable":true,"href":"https:\/\/acapulcocity.mx\/index.php\/wp-json\/wp\/v2\/media\/5749"}],"wp:attachment":[{"href":"https:\/\/acapulcocity.mx\/index.php\/wp-json\/wp\/v2\/media?parent=5748"}],"wp:term":[{"taxonomy":"category","embeddable":true,"href":"https:\/\/acapulcocity.mx\/index.php\/wp-json\/wp\/v2\/categories?post=5748"},{"taxonomy":"post_tag","embeddable":true,"href":"https:\/\/acapulcocity.mx\/index.php\/wp-json\/wp\/v2\/tags?post=5748"}],"curies":[{"name":"wp","href":"https:\/\/api.w.org\/{rel}","templated":true}]}}