{"id":5920,"date":"2026-03-11T18:03:20","date_gmt":"2026-03-12T00:03:20","guid":{"rendered":"https:\/\/acapulcocity.mx\/?p=5920"},"modified":"2026-03-11T18:03:22","modified_gmt":"2026-03-12T00:03:22","slug":"consejeros-de-morena-en-guerrero-impugnaran-resolucion-que-exonera-a-presidente-estatal-de-acusaciones-de-precampana-ilegal","status":"publish","type":"post","link":"https:\/\/acapulcocity.mx\/index.php\/2026\/03\/11\/consejeros-de-morena-en-guerrero-impugnaran-resolucion-que-exonera-a-presidente-estatal-de-acusaciones-de-precampana-ilegal\/","title":{"rendered":"Consejeros de Morena en Guerrero impugnar\u00e1n resoluci\u00f3n que exonera a presidente estatal de acusaciones de precampa\u00f1a ilegal"},"content":{"rendered":"\n<p><em>Galdino Nava y m\u00e1s de 56 consejeros denuncian que la Comisi\u00f3n Nacional de Honestidad y Justicia emiti\u00f3 una &#8220;resoluci\u00f3n pol\u00edtica&#8221; que abre la puerta a la saturaci\u00f3n de propaganda en el estado; anuncian recurso ante tribunales<\/em><\/p>\n\n\n\n<p><strong>Chilpancingo\/Acapulco, Guerrero, [fecha].<\/strong> El consejero estatal de Morena <strong>Galdino Nava<\/strong>, respaldado por <strong class=\"\">m\u00e1s de 56 consejeros<\/strong> que representan un tercio del Consejo Estatal, anunci\u00f3 que impugnar\u00e1n ante instancias judiciales la resoluci\u00f3n emitida por la <strong class=\"\">Comisi\u00f3n Nacional de Honestidad y Justicia<\/strong> que exoner\u00f3 al presidente del partido en Guerrero, <strong>Jacinto Gonz\u00e1lez Varona<\/strong>, de las acusaciones por <strong>precampa\u00f1a ilegal y desv\u00edo de recursos partidarios<\/strong>.<\/p>\n\n\n\n<p>La resoluci\u00f3n, que tard\u00f3 casi un a\u00f1o en emitirse pese a que los estatutos marcan un plazo de 90 d\u00edas, desestim\u00f3 las pruebas presentadas por Nava, incluyendo documentos notariados y fotograf\u00edas que, seg\u00fan denuncia, demostraban que Gonz\u00e1lez Varona hab\u00eda &#8220;tapizado&#8221; el estado de propaganda personal con recursos de Morena.<\/p>\n\n\n\n<p><strong class=\"\">&#8220;Resoluci\u00f3n pol\u00edtica, no apegada a derecho&#8221;<\/strong><\/p>\n\n\n\n<p>Nava cuestion\u00f3 frontalmente los argumentos de la Comisi\u00f3n: <em class=\"\">&#8220;El fundamento que dio la comisi\u00f3n dijo que no se encuadraba que Jacinto haya pagado esa propaganda en todo el estado. Y adem\u00e1s, que Jacinto no era Jacinto, que era otro Jacinto. Creo que todos sabemos en el estado que no hay otro que se ande haciendo promoci\u00f3n que no sea el presidente del partido&#8221;<\/em>.<\/p>\n\n\n\n<p>El consejero detall\u00f3 que la queja fue interpuesta en <strong>abril de 2024<\/strong> y que, pese a solicitar respuesta en <strong>noviembre, diciembre, enero y febrero<\/strong>, la resoluci\u00f3n lleg\u00f3 reci\u00e9n <strong>previo al Consejo Nacional<\/strong>, incumpliendo el plazo estatutario de tres meses.<\/p>\n\n\n\n<p><em>&#8220;Pr\u00e1cticamente dieron una respuesta de resoluci\u00f3n pol\u00edtica, ni siquiera apegada a derecho&#8221;<\/em>, se\u00f1al\u00f3 Nava, quien anunci\u00f3 que acudir\u00e1 al <strong>Tribunal de Justicia Electoral de Guerrero<\/strong>, a la <strong class=\"\">Sala Regional<\/strong> y finalmente al <strong>Tribunal Electoral del Poder Judicial de la Federaci\u00f3n<\/strong>.<\/p>\n\n\n\n<p><strong class=\"\">Denuncia de desv\u00edo de recursos y conflicto de intereses<\/strong><\/p>\n\n\n\n<p>La queja original present\u00f3 evidencia fotogr\u00e1fica de que <strong class=\"\">servidores de la naci\u00f3n y COTs (Coordinadores de Organizaci\u00f3n Territorial)<\/strong> \u2014personas pagadas por Morena\u2014 estaban colocando propaganda de Gonz\u00e1lez Varona. <em>&#8220;Con eso yo acredito de que s\u00ed hay desv\u00edo de recursos de nuestro partido hacia una persona para promoci\u00f3n personal&#8221;<\/em>, afirm\u00f3 Nava.<\/p>\n\n\n\n<p>Adem\u00e1s, denunci\u00f3 que el dirigente estatal <strong class=\"\">no puede ser &#8220;juez y parte&#8221;<\/strong> en una elecci\u00f3n interna donde \u00e9l mismo aspira a la gubernatura: <em class=\"\">&#8220;Jacinto est\u00e1 en todo su derecho de aspirar a gobernador. Por supuesto, es un compa\u00f1ero militante de Morena y est\u00e1 en todo su derecho. Pero, \u00bfqu\u00e9 tiene que hacer? Que deje el partido&#8221;<\/em>.<\/p>\n\n\n\n<p>Nava record\u00f3 que Gonz\u00e1lez Varona ha sido <strong>plurinominal primero por g\u00e9nero y luego como presidente del partido<\/strong>, sin haber ganado <em>&#8220;ni siquiera una elecci\u00f3n de delegado en su colonia&#8221;<\/em>, ocupando espacios que \u2014seg\u00fan denuncia\u2014 corresponden a <em>&#8220;compa\u00f1eros de lucha verdadera dentro de la izquierda&#8221;<\/em>.<\/p>\n\n\n\n<p><strong class=\"\">Riesgo de sanciones al partido<\/strong><\/p>\n\n\n\n<p>El consejero advirti\u00f3 que la resoluci\u00f3n de la Comisi\u00f3n Nacional abre <strong>&#8220;las puertas a que todos los compa\u00f1eros aspirantes peguen espectaculares, peguen lonas, hagan pintas&#8221;<\/strong>, lo que podr\u00eda derivar en <strong>sanciones del INE contra Morena<\/strong>.<\/p>\n\n\n\n<p><em>&#8220;Van a sancionar al partido por esta resoluci\u00f3n. Van a sancionar a Morena por esta resoluci\u00f3n, porque con esto abren las puertas a que todos los compa\u00f1eros aspirantes tapicen el estado de propaganda&#8221;<\/em>, alert\u00f3 Nava, quien document\u00f3 que, tras dictarse medidas cautelares para que Gonz\u00e1lez Varona retirara su propaganda, el dirigente <strong>&#8220;activ\u00f3 m\u00e1s la pega de lonas&#8221;<\/strong> y un regidor de Acapulco del PT comenz\u00f3 a hacer pintas en todo el municipio.<\/p>\n\n\n\n<p><strong>&#8220;No tiene el control de Morena en Guerrero&#8221;<\/strong><\/p>\n\n\n\n<p>Nava desminti\u00f3 que Gonz\u00e1lez Varona cuente con el respaldo mayoritario del partido en el estado: <em>&#8220;Es mentira que Jacinto tenga el control de Morena en Guerrero. Eso le ha hecho creer a la dirigencia nacional. Si tuviera el control de Morena en Guerrero, no hubiera sido destituido en aquel consejo que se llev\u00f3 a cabo en Chilpancingo&#8221;<\/em>.<\/p>\n\n\n\n<p>El consejero enfatiz\u00f3 que la impugnaci\u00f3n no es personal contra Gonz\u00e1lez Varona, sino una defensa de la legalidad: <em>&#8220;No vamos a ser c\u00f3mplices de esos atropellos que se comiten dentro de Morena. Nosotros estamos por la legalidad&#8221;<\/em>.<\/p>\n\n\n\n<p>La postura de Nava y los 56+ consejeros que lo respaldan busca garantizar <strong>&#8220;piso parejo&#8221;<\/strong> para los aspirantes a la coordinaci\u00f3n de la Cuarta Transformaci\u00f3n en Guerrero, entre ellos <strong>Rub\u00e9n Cayetano, Beatriz Mojica, Rogelio Ortega y L\u00f3pez Rosas<\/strong>, quienes \u2014seg\u00fan denuncian\u2014 no han incurrido en las mismas irregularidades de promoci\u00f3n personal.<\/p>\n\n\n<style>.kb-gallery-id-5920_f95ff9-e8.kb-gallery-ul.kb-gallery-type-fluidcarousel .kt-blocks-carousel figure .kb-gal-image-radius, .kb-gallery-id-5920_f95ff9-e8.kb-gallery-ul.kb-gallery-type-fluidcarousel .kt-blocks-carousel figure .kb-gal-image-radius img{height:300px;}.kb-gallery-id-5920_f95ff9-e8 .kadence-blocks-gallery-item .kb-gal-image-radius, .kb-gallery-id-5920_f95ff9-e8 .kb-slide-item .kb-gal-image-radius img{border-radius:0px 0px 0px 0px;;}.kb-gallery-wrap-id-5920_f95ff9-e8.wp-block-kadence-advancedgallery{overflow:visible;}.kb-gallery-wrap-id-5920_f95ff9-e8.wp-block-kadence-advancedgallery .kt-blocks-carousel{overflow:visible;max-width:100%;}<\/style><div class=\"kb-gallery-wrap-id-5920_f95ff9-e8 alignnone wp-block-kadence-advancedgallery\"><div class=\"kb-gallery-ul kb-gallery-non-static kb-gallery-type-fluidcarousel kb-gallery-id-5920_f95ff9-e8 kb-gallery-caption-style-bottom-hover kb-gallery-filter-none\" data-image-filter=\"none\" data-lightbox-caption=\"true\"><div class=\"kt-blocks-carousel splide kt-carousel-container-dotstyle-dark kt-carousel-arrowstyle-whiteondark kt-carousel-dotstyle-dark kb-slider-group-arrow kb-slider-arrow-position-center\" data-slider-anim-speed=\"400\" data-slider-scroll=\"1\" data-slider-arrows=\"true\" data-slider-dots=\"true\" data-slider-hover-pause=\"false\" data-slider-auto=\"1\" data-slider-speed=\"4130\" data-slider-type=\"fluidcarousel\" data-slider-center-mode=\"true\" data-slider-gap=\"10px\" data-slider-gap-tablet=\"10px\" data-slider-gap-mobile=\"10px\" data-show-pause-button=\"false\"><div class=\"splide__track\"><ul class=\"kt-blocks-carousel-init kb-blocks-fluid-carousel splide__list\"><li class=\"kb-slide-item kb-gallery-carousel-item splide__slide\"><div class=\"kadence-blocks-gallery-item\"><div class=\"kadence-blocks-gallery-item-inner\"><figure class=\"kb-gallery-figure kadence-blocks-gallery-item-hide-caption\"><div class=\"kb-gal-image-radius\"><div class=\"kb-gallery-image-contain\" ><img fetchpriority=\"high\" decoding=\"async\" src=\"https:\/\/acapulcocity.mx\/wp-content\/uploads\/2026\/03\/DSC08027110326-1024x683.jpg\" width=\"640\" height=\"427\" alt=\"\" data-full-image=\"https:\/\/acapulcocity.mx\/wp-content\/uploads\/2026\/03\/DSC08027110326-scaled.jpg\" data-light-image=\"https:\/\/acapulcocity.mx\/wp-content\/uploads\/2026\/03\/DSC08027110326-scaled.jpg\" data-id=\"5919\" class=\"wp-image-5919 skip-lazy\" srcset=\"https:\/\/acapulcocity.mx\/wp-content\/uploads\/2026\/03\/DSC08027110326-1024x683.jpg 1024w, https:\/\/acapulcocity.mx\/wp-content\/uploads\/2026\/03\/DSC08027110326-300x200.jpg 300w, https:\/\/acapulcocity.mx\/wp-content\/uploads\/2026\/03\/DSC08027110326-768x512.jpg 768w, https:\/\/acapulcocity.mx\/wp-content\/uploads\/2026\/03\/DSC08027110326-1536x1024.jpg 1536w, https:\/\/acapulcocity.mx\/wp-content\/uploads\/2026\/03\/DSC08027110326-2048x1365.jpg 2048w\" sizes=\"(max-width: 640px) 100vw, 640px\" \/><\/div><\/div><\/figure><\/div><\/div><\/li><li class=\"kb-slide-item kb-gallery-carousel-item splide__slide\"><div class=\"kadence-blocks-gallery-item\"><div class=\"kadence-blocks-gallery-item-inner\"><figure class=\"kb-gallery-figure kadence-blocks-gallery-item-hide-caption\"><div class=\"kb-gal-image-radius\"><div class=\"kb-gallery-image-contain\" ><img decoding=\"async\" src=\"https:\/\/acapulcocity.mx\/wp-content\/uploads\/2026\/03\/DSC08037110326-1024x683.jpg\" width=\"640\" height=\"427\" alt=\"\" data-full-image=\"https:\/\/acapulcocity.mx\/wp-content\/uploads\/2026\/03\/DSC08037110326-scaled.jpg\" data-light-image=\"https:\/\/acapulcocity.mx\/wp-content\/uploads\/2026\/03\/DSC08037110326-scaled.jpg\" data-id=\"5921\" class=\"wp-image-5921 skip-lazy\" srcset=\"https:\/\/acapulcocity.mx\/wp-content\/uploads\/2026\/03\/DSC08037110326-1024x683.jpg 1024w, https:\/\/acapulcocity.mx\/wp-content\/uploads\/2026\/03\/DSC08037110326-300x200.jpg 300w, https:\/\/acapulcocity.mx\/wp-content\/uploads\/2026\/03\/DSC08037110326-768x512.jpg 768w\" sizes=\"(max-width: 640px) 100vw, 640px\" \/><\/div><\/div><\/figure><\/div><\/div><\/li><li class=\"kb-slide-item kb-gallery-carousel-item splide__slide\"><div class=\"kadence-blocks-gallery-item\"><div class=\"kadence-blocks-gallery-item-inner\"><figure class=\"kb-gallery-figure kadence-blocks-gallery-item-hide-caption\"><div class=\"kb-gal-image-radius\"><div class=\"kb-gallery-image-contain\" ><img decoding=\"async\" src=\"https:\/\/acapulcocity.mx\/wp-content\/uploads\/2026\/03\/DSC08041110326-1024x683.jpg\" width=\"640\" height=\"427\" alt=\"\" data-full-image=\"https:\/\/acapulcocity.mx\/wp-content\/uploads\/2026\/03\/DSC08041110326-scaled.jpg\" data-light-image=\"https:\/\/acapulcocity.mx\/wp-content\/uploads\/2026\/03\/DSC08041110326-scaled.jpg\" data-id=\"5922\" class=\"wp-image-5922 skip-lazy\" srcset=\"https:\/\/acapulcocity.mx\/wp-content\/uploads\/2026\/03\/DSC08041110326-1024x683.jpg 1024w, https:\/\/acapulcocity.mx\/wp-content\/uploads\/2026\/03\/DSC08041110326-300x200.jpg 300w, https:\/\/acapulcocity.mx\/wp-content\/uploads\/2026\/03\/DSC08041110326-768x512.jpg 768w\" sizes=\"(max-width: 640px) 100vw, 640px\" \/><\/div><\/div><\/figure><\/div><\/div><\/li><li class=\"kb-slide-item kb-gallery-carousel-item splide__slide\"><div class=\"kadence-blocks-gallery-item\"><div class=\"kadence-blocks-gallery-item-inner\"><figure class=\"kb-gallery-figure kadence-blocks-gallery-item-hide-caption\"><div class=\"kb-gal-image-radius\"><div class=\"kb-gallery-image-contain\" ><img loading=\"lazy\" decoding=\"async\" src=\"https:\/\/acapulcocity.mx\/wp-content\/uploads\/2026\/03\/DSC08054110326-scaled.jpg\" width=\"2560\" height=\"1707\" alt=\"\" data-full-image=\"https:\/\/acapulcocity.mx\/wp-content\/uploads\/2026\/03\/DSC08054110326-scaled.jpg\" data-light-image=\"https:\/\/acapulcocity.mx\/wp-content\/uploads\/2026\/03\/DSC08054110326-scaled.jpg\" data-id=\"5923\" class=\"wp-image-5923 skip-lazy\" srcset=\"https:\/\/acapulcocity.mx\/wp-content\/uploads\/2026\/03\/DSC08054110326-scaled.jpg 2560w, https:\/\/acapulcocity.mx\/wp-content\/uploads\/2026\/03\/DSC08054110326-300x200.jpg 300w, https:\/\/acapulcocity.mx\/wp-content\/uploads\/2026\/03\/DSC08054110326-1024x683.jpg 1024w, https:\/\/acapulcocity.mx\/wp-content\/uploads\/2026\/03\/DSC08054110326-768x512.jpg 768w, https:\/\/acapulcocity.mx\/wp-content\/uploads\/2026\/03\/DSC08054110326-1536x1024.jpg 1536w, https:\/\/acapulcocity.mx\/wp-content\/uploads\/2026\/03\/DSC08054110326-2048x1365.jpg 2048w, https:\/\/acapulcocity.mx\/wp-content\/uploads\/2026\/03\/DSC08054110326-1170x780.jpg 1170w\" sizes=\"(max-width: 2560px) 100vw, 2560px\" \/><\/div><\/div><\/figure><\/div><\/div><\/li><\/ul><\/div><\/div><\/div><\/div>","protected":false},"excerpt":{"rendered":"<p>Galdino Nava y m\u00e1s de 56 consejeros denuncian que la Comisi\u00f3n Nacional de Honestidad y Justicia emiti\u00f3 una &#8220;resoluci\u00f3n pol\u00edtica&#8221; que abre la puerta a la saturaci\u00f3n de propaganda en el estado; anuncian recurso ante tribunales Chilpancingo\/Acapulco, Guerrero, [fecha]. El consejero estatal de Morena Galdino Nava, respaldado por m\u00e1s de<\/p>\n","protected":false},"author":1,"featured_media":5919,"comment_status":"closed","ping_status":"closed","sticky":false,"template":"","format":"standard","meta":{"footnotes":""},"categories":[4,5,7],"tags":[11],"class_list":["post-5920","post","type-post","status-publish","format-standard","has-post-thumbnail","hentry","category-acapulco","category-guerrero","category-politica","tag-acapulco",""],"_links":{"self":[{"href":"https:\/\/acapulcocity.mx\/index.php\/wp-json\/wp\/v2\/posts\/5920","targetHints":{"allow":["GET"]}}],"collection":[{"href":"https:\/\/acapulcocity.mx\/index.php\/wp-json\/wp\/v2\/posts"}],"about":[{"href":"https:\/\/acapulcocity.mx\/index.php\/wp-json\/wp\/v2\/types\/post"}],"author":[{"embeddable":true,"href":"https:\/\/acapulcocity.mx\/index.php\/wp-json\/wp\/v2\/users\/1"}],"replies":[{"embeddable":true,"href":"https:\/\/acapulcocity.mx\/index.php\/wp-json\/wp\/v2\/comments?post=5920"}],"version-history":[{"count":1,"href":"https:\/\/acapulcocity.mx\/index.php\/wp-json\/wp\/v2\/posts\/5920\/revisions"}],"predecessor-version":[{"id":5924,"href":"https:\/\/acapulcocity.mx\/index.php\/wp-json\/wp\/v2\/posts\/5920\/revisions\/5924"}],"wp:featuredmedia":[{"embeddable":true,"href":"https:\/\/acapulcocity.mx\/index.php\/wp-json\/wp\/v2\/media\/5919"}],"wp:attachment":[{"href":"https:\/\/acapulcocity.mx\/index.php\/wp-json\/wp\/v2\/media?parent=5920"}],"wp:term":[{"taxonomy":"category","embeddable":true,"href":"https:\/\/acapulcocity.mx\/index.php\/wp-json\/wp\/v2\/categories?post=5920"},{"taxonomy":"post_tag","embeddable":true,"href":"https:\/\/acapulcocity.mx\/index.php\/wp-json\/wp\/v2\/tags?post=5920"}],"curies":[{"name":"wp","href":"https:\/\/api.w.org\/{rel}","templated":true}]}}